{"id":1116,"date":"2025-03-30T06:32:53","date_gmt":"2025-03-30T06:32:53","guid":{"rendered":"http:\/\/poborski.eu\/?p=1116"},"modified":"2025-03-31T05:22:48","modified_gmt":"2025-03-31T05:22:48","slug":"palac-klonice","status":"publish","type":"post","link":"https:\/\/poborski.eu\/?p=1116","title":{"rendered":"Pa\u0142ac K\u0142onice"},"content":{"rendered":"\n<p>[niem. <em>Klonitz<\/em>]<\/p>\n\n\n\n<p>Wzniesiony w 1577 r., pierwotnie jako dw\u00f3r renesansowy. Rozbudowa pa\u0142acu odby\u0142a si\u0119 w 1873 r., zosta\u0142 powi\u0119kszony o cz\u0119\u015b\u0107 zachodni\u0105, a nast\u0119pnie gruntownie przebudowany w 1879 r. Kolejny remont zosta\u0142 przeprowadzony w 1981 r.<\/p>\n\n\n\n<p>K\u0142onicki pa\u0142ac jest pa\u0142acem murowanym, a cz\u0119\u015b\u0107 \u015brodkowa znajduje si\u0119 na planie prostok\u0105ta z osiowym ryzalitem. Pa\u0142ac zosta\u0142 powi\u0119kszony od strony ogrodu, a od strony wschodniej dodano czworoboczn\u0105 przybud\u00f3wk\u0119 z wie\u017c\u0105. Skrzyd\u0142o zachodnie, dwupi\u0119trowe, pokryte dwuspadowymi dachami. Zachowa\u0142a si\u0119 r\u00f3wnie\u017c wie\u017ca widokowa z 1893 r., zwie\u0144czona otwart\u0105 galeri\u0105.<\/p>\n\n\n\n<figure class=\"wp-block-image size-full\"><img fetchpriority=\"high\" decoding=\"async\" width=\"850\" height=\"741\" src=\"https:\/\/poborski.eu\/wp-content\/uploads\/2025\/03\/klonice-3-1.webp\" alt=\"\" class=\"wp-image-1121\" srcset=\"https:\/\/poborski.eu\/wp-content\/uploads\/2025\/03\/klonice-3-1.webp 850w, https:\/\/poborski.eu\/wp-content\/uploads\/2025\/03\/klonice-3-1-300x262.webp 300w, https:\/\/poborski.eu\/wp-content\/uploads\/2025\/03\/klonice-3-1-768x670.webp 768w\" sizes=\"(max-width: 850px) 100vw, 850px\" \/><figcaption class=\"wp-element-caption\"><em><sub><sup>zdj\u0119cia: D.Poborski<\/sup><\/sub><\/em><\/figcaption><\/figure>\n\n\n\n<div style=\"border: 1px solid black; background-color: white; max-width: 550px; padding: 10px; font-size: 12px; font-family: Arial, sans-serif;\">\n    <p>styl architektoniczny: <b>renesans<\/b><\/p>\n    <p>architekci: <b>Carl Johann Bogus\u0142aw L\u00fcdecke (przebudowa)<\/b> <a href=\"https:\/\/poborskid.wordpress.com\/2023\/06\/27\/architekci\/\" target=\"_blank\"><\/a><\/p>\n    <p>budowa : <b>1577 r.<\/b><\/p>\n    <p>przebudowy : <b>1878 r.<\/b><\/p>\n    <p>dost\u0119pno\u015b\u0107 obiektu: <b>niedost\u0119pny (stan na 2023 r.)<\/b><\/p>\n    <p>Forma ochrony: <b>Rejestr zabytk\u00f3w, Ewidencja zabytk\u00f3w<\/b><\/p>\n   \n    <p>lokalizacja: <b>50\u00b059\u203245\u2033N 16\u00b008\u203231\u2033E<\/b><\/p>\n<\/div>\n\n\n\n<p>K\u0142onice powszechnie uchodzi\u0142y za jedn\u0105 z czterech najstarszych wsi na terenie Parku Krajobrazowego Che\u0142my. Przypuszczano, \u017ce wioska mog\u0142a zosta\u0107 za\u0142o\u017cona przez Cysters\u00f3w.<\/p>\n\n\n\n<figure class=\"wp-block-image aligncenter size-full\"><a href=\"https:\/\/zabytek.pl\/pl\/obiekty\/klonice-palac\/dokumenty\/PL.1.9.ZIPOZ.NID_N_02_EN.167028\/1\"><img decoding=\"async\" width=\"372\" height=\"256\" src=\"https:\/\/poborski.eu\/wp-content\/uploads\/2025\/03\/zab1.jpg\" alt=\"\" class=\"wp-image-1193\" srcset=\"https:\/\/poborski.eu\/wp-content\/uploads\/2025\/03\/zab1.jpg 372w, https:\/\/poborski.eu\/wp-content\/uploads\/2025\/03\/zab1-300x206.jpg 300w\" sizes=\"(max-width: 372px) 100vw, 372px\" \/><\/a><\/figure>\n\n\n\n<p>W 1346 r. ksi\u0105\u017c\u0119 jaworski Henryk I przekaza\u0142 Conradusowi von Dornheim przeorowi klasztoru Marii Magdaleny w Lubaniu, czynsz z las\u00f3w w okolicy wsi, kt\u00f3re nale\u017ca\u0142y do Catherine, wdowy po Vlmannusie de Nossin. By\u0142a to posiad\u0142o\u015b\u0107 rycerska, nie wiadomo czy od pocz\u0105tku istnia\u0142a tutaj siedziba w\u0142a\u015bciciela. Raczej mo\u017cna przyj\u0105\u0107, \u017ce K\u0142onice podlega\u0142y w\u0142a\u015bcicielom Paszowic, a wyodr\u0119bni\u0142y si\u0119 dopiero w XVI w. &nbsp;W 1577 r. powsta\u0142 tutaj renesansowy dw\u00f3r von Reibnitz\u00f3w \u2013 do nich wie\u015b nale\u017ca\u0142a do 1622 r. W okresie wojny 30 \u2013 leniej wie\u015b zubo\u017ca\u0142a. W 1765 r. w K\u0142onicach mieszka\u0142o wtedy 7 zagrodnik\u00f3w, 10 cha\u0142upnik\u00f3w, 6 rzemie\u015blnik\u00f3w, 7 wolnych ludzi. W 1786 r. we wsi by\u0142 dw\u00f3r, folwark, m\u0142yn wodny, dwa wiatraki, szko\u0142a ewangelicka, 27 dom\u00f3w.<\/p>\n\n\n\n<figure class=\"wp-block-image aligncenter size-full\"><a href=\"https:\/\/zabytek.pl\/pl\/obiekty\/klonice-palac\/dokumenty\/PL.1.9.ZIPOZ.NID_N_02_EN.167028\/1\"><img decoding=\"async\" width=\"357\" height=\"286\" src=\"https:\/\/poborski.eu\/wp-content\/uploads\/2025\/03\/zab.jpg\" alt=\"\" class=\"wp-image-1194\" srcset=\"https:\/\/poborski.eu\/wp-content\/uploads\/2025\/03\/zab.jpg 357w, https:\/\/poborski.eu\/wp-content\/uploads\/2025\/03\/zab-300x240.jpg 300w\" sizes=\"(max-width: 357px) 100vw, 357px\" \/><\/a><\/figure>\n\n\n\n<p>W 1837 r. maj\u0105tek odkupi\u0142 K.G. Zimmer, kt\u00f3ry od razu przyst\u0105pi\u0142 do przebudowy folwarku na browar. &nbsp;W 1840 roku w K\u0142onicach mo\u017cna by\u0142o spotka\u0107 pa\u0142ac, folwark z browarem, szko\u0142\u0119 ewangelick\u0105, m\u0142yn wodny, 2 wiatraki, 3 gospody, a w\u015br\u00f3d mieszka\u0144c\u00f3w 4 rzemie\u015blnik\u00f3w i 1 handlarz. Wie\u015b w\u00f3wczas cieszy\u0142a si\u0119 zainteresowaniem turyst\u00f3w. Podziwiano pa\u0142ac i ogrody, odbywano w\u0119dr\u00f3wki na Radogost i Kaiserquelle. W K\u0142onicach by\u0142a r\u00f3wnie\u017c gospoda z miejscami noclegowymi na Scheerbergu. Kolejnymi w\u0142a\u015bcicielami wsi byli: Heinrich Wuthe, Hugo Seidel oraz Paul Dunkel. Od 1915 r. \u2013 1945 r. pa\u0142ac w K\u0142onicach stanowi\u0142 rezydencj\u0119 rodziny von Hochberg\u00f3w.<\/p>\n\n\n\n<p>Po 1945 r. w pa\u0142acu i folwarku ulokowano PGR. Potem przej\u0119\u0142a obiekt AWR Skarbu Pa\u0144stwa i sprzeda\u0142a go w r\u0119ce prywatne.<\/p>\n\n\n\n<!-- Final Tiles Grid Gallery for WordPress v3.6.4 free --><style>#ftg-1111 .tile .icon { color:#ffffff; }#ftg-1111 .ftg-items .loading-bar i { background:#666; }#ftg-1111 .ftg-items .loading-bar { background:#fff; }#ftg-1111 .tile .icon { font-size:12px; }#ftg-1111 .tile .icon { margin: -6px 0 0 -6px; }#ftg-1111 .tile .caption-block .text-wrapper span.text { font-size:12px; }#ftg-1111 .tile .caption-outside .text-wrapper span.text { font-size:12px; }#ftg-1111 .tile .caption-block .text-wrapper span.title { font-size:14px; }#ftg-1111 .tile .caption-outside .text-wrapper span.title { font-size:14px; }#ftg-1111 .tile { background-color: transparent; }#ftg-1111 .tile .caption-block .text-wrapper span.text { color: #ffffff; }#ftg-1111 .tile .caption-block .text-wrapper span.title { color: #ffffff; }#ftg-1111 .tile .caption-outside .text-wrapper span.text { color: #ffffff; }#ftg-1111 .tile .caption-outside .text-wrapper span.title { color: #ffffff; }#ftg-1111 .tile .ftg-social a { color: #ffffff; }#ftg-1111 .tile .caption-block { transition-timing-function:linear; }#ftg-1111 .tile .caption-block { transition-duration:0.25s; }#ftg-1111 .tile .tile-inner:before { background-color: #000000; }#ftg-1111 .tile .tile-inner:before { background-color: rgba(0, 0, 0, 0.8); }<\/style><a name=\"11\"><\/a><div class=\"final-tiles-gallery  ftg-hover-enabled caption-inside  caption-none caption-middle caption-center\" id=\"ftg-1111\" style=\"width: 100%\"><div class='ftg-items'><div class='loading-bar'><i><\/i><\/div><div  class='tile ftg-preload  '><a title=\"\" data-lightbox='ftg-1111' rel='ftg-1111'  class=' tile-inner  ftg-lightbox' href='https:\/\/poborski.eu\/wp-content\/uploads\/2025\/03\/klonice-1-1.webp' ><img alt='' class='item skip-lazy' data-class='item' data-ftg-source='http:\/\/poborski.eu\/wp-content\/uploads\/2025\/03\/klonice-1-1.webp' src='http:\/\/poborski.eu\/wp-content\/uploads\/2025\/03\/klonice-1-1.webp' width='850' height='688' \/><span class='icon fa fa-zoom'><\/span><div class='caption-block'><\/div><\/a><div class='ftg-social'><\/div><\/div><div  class='tile ftg-preload  '><a title=\"\" data-lightbox='ftg-1111' rel='ftg-1111'  class=' tile-inner  ftg-lightbox' href='https:\/\/poborski.eu\/wp-content\/uploads\/2025\/03\/klonice-2-1.webp' ><img alt='' class='item skip-lazy' data-class='item' data-ftg-source='http:\/\/poborski.eu\/wp-content\/uploads\/2025\/03\/klonice-2-1.webp' src='http:\/\/poborski.eu\/wp-content\/uploads\/2025\/03\/klonice-2-1.webp' width='850' height='650' \/><span class='icon fa fa-zoom'><\/span><div class='caption-block'><\/div><\/a><div class='ftg-social'><\/div><\/div><div  class='tile ftg-preload  '><a title=\"\" data-lightbox='ftg-1111' rel='ftg-1111'  class=' tile-inner  ftg-lightbox' href='https:\/\/poborski.eu\/wp-content\/uploads\/2025\/03\/klonice-3-1.webp' ><img alt='' class='item skip-lazy' data-class='item' data-ftg-source='http:\/\/poborski.eu\/wp-content\/uploads\/2025\/03\/klonice-3-1.webp' src='http:\/\/poborski.eu\/wp-content\/uploads\/2025\/03\/klonice-3-1.webp' width='850' height='741' \/><span class='icon fa fa-zoom'><\/span><div class='caption-block'><\/div><\/a><div class='ftg-social'><\/div><\/div><div  class='tile ftg-preload  '><a title=\"\" data-lightbox='ftg-1111' rel='ftg-1111'  class=' tile-inner  ftg-lightbox' href='https:\/\/poborski.eu\/wp-content\/uploads\/2025\/03\/klonice-4-1.webp' ><img alt='' class='item skip-lazy' data-class='item' data-ftg-source='http:\/\/poborski.eu\/wp-content\/uploads\/2025\/03\/klonice-4-1.webp' src='http:\/\/poborski.eu\/wp-content\/uploads\/2025\/03\/klonice-4-1.webp' width='850' height='711' \/><span class='icon fa fa-zoom'><\/span><div class='caption-block'><\/div><\/a><div class='ftg-social'><\/div><\/div><div  class='tile ftg-preload  '><a title=\"\" data-lightbox='ftg-1111' rel='ftg-1111'  class=' tile-inner  ftg-lightbox' href='https:\/\/poborski.eu\/wp-content\/uploads\/2025\/03\/klonice-5-1.jpg' ><img alt='' class='item skip-lazy' data-class='item' data-ftg-source='http:\/\/poborski.eu\/wp-content\/uploads\/2025\/03\/klonice-5-1.jpg' src='http:\/\/poborski.eu\/wp-content\/uploads\/2025\/03\/klonice-5-1.jpg' width='850' height='644' \/><span class='icon fa fa-zoom'><\/span><div class='caption-block'><\/div><\/a><div class='ftg-social'><\/div><\/div><div  class='tile ftg-preload  '><a title=\"\" data-lightbox='ftg-1111' rel='ftg-1111'  class=' tile-inner  ftg-lightbox' href='https:\/\/poborski.eu\/wp-content\/uploads\/2025\/03\/klonice-6-1.webp' ><img alt='' class='item skip-lazy' data-class='item' data-ftg-source='http:\/\/poborski.eu\/wp-content\/uploads\/2025\/03\/klonice-6-1.webp' src='http:\/\/poborski.eu\/wp-content\/uploads\/2025\/03\/klonice-6-1.webp' width='850' height='729' \/><span class='icon fa fa-zoom'><\/span><div class='caption-block'><\/div><\/a><div class='ftg-social'><\/div><\/div><\/div><\/div>\n\n\n\n<p><em><sub><sup>zdj\u0119cia: D.Poborski<\/sup><\/sub><\/em><\/p>\n\n\n\n<p>linki:<\/p>\n\n\n\n<ul class=\"wp-block-list\">\n<li><a href=\"https:\/\/pl.wikipedia.org\/wiki\/Pa%C5%82ac_w_K%C5%82onicach\">https:\/\/pl.wikipedia.org\/wiki\/Pa%C5%82ac_w_K%C5%82onicach<\/a><\/li>\n\n\n\n<li><a href=\"https:\/\/www.gorykaczawskie.pl\/palac-klonice\/\">https:\/\/www.gorykaczawskie.pl\/palac-klonice\/<\/a><\/li>\n\n\n\n<li><a href=\"http:\/\/palace-zamki.pl\/palace-dwory\/dolnoslaskie\/110-klonice-palac-powiat-jaworski-gmina-paszowice\">http:\/\/palace-zamki.pl\/palace-dwory\/dolnoslaskie\/110-klonice-palac-powiat-jaworski-gmina-paszowice<\/a><\/li>\n\n\n\n<li><a href=\"https:\/\/www.gorykaczawskie.pl\/klonice\/\">https:\/\/www.gorykaczawskie.pl\/klonice\/<\/a><\/li>\n\n\n\n<li><a href=\"https:\/\/zabytek.pl\/pl\/obiekty\/klonice-palac\/dokumenty\/PL.1.9.ZIPOZ.NID_N_02_EN.167028\/1\">https:\/\/zabytek.pl\/pl\/obiekty\/klonice-palac\/dokumenty\/PL.1.9.ZIPOZ.NID_N_02_EN.167028\/1<\/a><\/li>\n<\/ul>\n\n\n\n<p>lokalizacja:&nbsp;<strong>50\u00b059\u203244,5920\u2033N 16\u00b008\u203229,3611\u2033E<\/strong><\/p>\n","protected":false},"excerpt":{"rendered":"<p>[niem. Klonitz] Wzniesiony w 1577 r., pierwotnie jako dw\u00f3r renesansowy. Rozbudowa pa\u0142acu odby\u0142a si\u0119 w 1873 r., zosta\u0142 powi\u0119kszony o cz\u0119\u015b\u0107 zachodni\u0105, a nast\u0119pnie gruntownie przebudowany w 1879 r. Kolejny remont zosta\u0142 przeprowadzony w 1981 r. K\u0142onicki pa\u0142ac jest pa\u0142acem murowanym, a cz\u0119\u015b\u0107 \u015brodkowa znajduje si\u0119 na planie prostok\u0105ta z osiowym ryzalitem. Pa\u0142ac zosta\u0142 powi\u0119kszony [&hellip;]<\/p>\n","protected":false},"author":2,"featured_media":1124,"comment_status":"open","ping_status":"open","sticky":false,"template":"","format":"standard","meta":{"footnotes":""},"categories":[6],"tags":[61,71,224,619,231,617,614,453,485,616,618],"class_list":["post-1116","post","type-post","status-publish","format-standard","has-post-thumbnail","hentry","category-zamki-i-palace","tag-carl-johann-boguslaw-ludecke","tag-cystersi","tag-klonice","tag-klonitz","tag-ludecke","tag-seidel","tag-von-dornheim","tag-von-hochberg","tag-von-reibnitz","tag-wuthe","tag-zimmer"],"_links":{"self":[{"href":"https:\/\/poborski.eu\/index.php?rest_route=\/wp\/v2\/posts\/1116","targetHints":{"allow":["GET"]}}],"collection":[{"href":"https:\/\/poborski.eu\/index.php?rest_route=\/wp\/v2\/posts"}],"about":[{"href":"https:\/\/poborski.eu\/index.php?rest_route=\/wp\/v2\/types\/post"}],"author":[{"embeddable":true,"href":"https:\/\/poborski.eu\/index.php?rest_route=\/wp\/v2\/users\/2"}],"replies":[{"embeddable":true,"href":"https:\/\/poborski.eu\/index.php?rest_route=%2Fwp%2Fv2%2Fcomments&post=1116"}],"version-history":[{"count":6,"href":"https:\/\/poborski.eu\/index.php?rest_route=\/wp\/v2\/posts\/1116\/revisions"}],"predecessor-version":[{"id":1199,"href":"https:\/\/poborski.eu\/index.php?rest_route=\/wp\/v2\/posts\/1116\/revisions\/1199"}],"wp:featuredmedia":[{"embeddable":true,"href":"https:\/\/poborski.eu\/index.php?rest_route=\/wp\/v2\/media\/1124"}],"wp:attachment":[{"href":"https:\/\/poborski.eu\/index.php?rest_route=%2Fwp%2Fv2%2Fmedia&parent=1116"}],"wp:term":[{"taxonomy":"category","embeddable":true,"href":"https:\/\/poborski.eu\/index.php?rest_route=%2Fwp%2Fv2%2Fcategories&post=1116"},{"taxonomy":"post_tag","embeddable":true,"href":"https:\/\/poborski.eu\/index.php?rest_route=%2Fwp%2Fv2%2Ftags&post=1116"}],"curies":[{"name":"wp","href":"https:\/\/api.w.org\/{rel}","templated":true}]}}