{"id":1183,"date":"2025-03-30T19:36:45","date_gmt":"2025-03-30T19:36:45","guid":{"rendered":"http:\/\/poborski.eu\/?p=1183"},"modified":"2025-03-31T05:28:53","modified_gmt":"2025-03-31T05:28:53","slug":"palac-plawniowice","status":"publish","type":"post","link":"https:\/\/poborski.eu\/?p=1183","title":{"rendered":"Pa\u0142ac P\u0142awniowice"},"content":{"rendered":"\n<p><\/p>\n\n\n\n<p>Pa\u0142ac zbudowany w latach 1882\u20131885 jako rezydencja rodziny Ballestrem\u00f3w, otoczony parkiem o powierzchni 2,4 ha<\/p>\n\n\n\n<p>Pierwsza wzmianka o miejscowo\u015bci P\u0142awniowice pochodzi z 1317 r., druga znajduje si\u0119 w dokumentach z 1364 r., w kt\u00f3rych figuruje nazwisko Marcusa de Plawniowitz, jako w\u0142a\u015bciciela okolicznych teren\u00f3w.<\/p>\n\n\n\n<p>W rachunkach dworu kr\u00f3la W\u0142adys\u0142awa Jagie\u0142\u0142y z 1393 roku znajduje si\u0119 wzmianka, \u017ce w P\u0142awniowicach znajdowa\u0142a si\u0119 warownia obsadzona przez polskie rycerstwo pod dow\u00f3dztwem Piotra Szafra\u0144ca herbu Staryko\u0144, dla wzmocnienia kt\u00f3rej wys\u0142ano nast\u0119pnie ekspedycj\u0119 z Krakowa na pocz\u0105tku 1394 r. W latach 60. XX wieku odkryto mury nieznanej warowni na skarpie przy ul. Gliwickiej, kilkaset metr\u00f3w od obecnie istniej\u0105cego pa\u0142acu. Prawdopodobnie by\u0142a to w\u0142a\u015bnie warownia Piotra Szafra\u0144ca.<\/p>\n\n\n\n<figure class=\"wp-block-image size-full\"><img fetchpriority=\"high\" decoding=\"async\" width=\"850\" height=\"672\" src=\"https:\/\/poborski.eu\/wp-content\/uploads\/2025\/03\/plawniowice-2-1.webp\" alt=\"\" class=\"wp-image-1185\" srcset=\"https:\/\/poborski.eu\/wp-content\/uploads\/2025\/03\/plawniowice-2-1.webp 850w, https:\/\/poborski.eu\/wp-content\/uploads\/2025\/03\/plawniowice-2-1-300x237.webp 300w, https:\/\/poborski.eu\/wp-content\/uploads\/2025\/03\/plawniowice-2-1-768x607.webp 768w\" sizes=\"(max-width: 850px) 100vw, 850px\" \/><figcaption class=\"wp-element-caption\"><em><sub><sup>zdj\u0119cia: D.Poborski<\/sup><\/sub><\/em><\/figcaption><\/figure>\n\n\n\n<p>W roku 1525 dobra p\u0142awniowickie naby\u0142 Lorenz Seydlitz, a w 1532 r. wie\u015b odziedziczyli Jerzy i Miko\u0142aj Seydlitz. W nast\u0119pstwie dzia\u0142a\u0144 wojny trzydziestoletniej (1618\u20131648) dosz\u0142o do upadku znaczenia P\u0142awniowic. Po wojnie w\u0142a\u015bciciele P\u0142awniowic przeszli na protestantyzm.<\/p>\n\n\n\n<hr class=\"wp-block-separator has-alpha-channel-opacity\"\/>\n\n\n\n<p>styl architektoniczny:&nbsp;<strong>neomanieryzm niderlandzki<\/strong><\/p>\n\n\n\n<p>architekt:&nbsp;<strong><a href=\"https:\/\/poborskid.wordpress.com\/2023\/06\/27\/architekci\/\">Konstantyn Heidenreich z Kopic k. Grodkowa<\/a><\/strong><\/p>\n\n\n\n<p>prace:&nbsp;<strong>1882\u20131885<\/strong><\/p>\n\n\n\n<hr class=\"wp-block-separator has-alpha-channel-opacity\"\/>\n\n\n\n<p><\/p>\n\n\n\n<p><\/p>\n\n\n\n<div style=\"border: 1px solid black; background-color: white; max-width: 550px; padding: 10px; font-size: 12px; font-family: Arial, sans-serif;\">\n    <p>styl architektoniczny: <b>neomanieryzm niderlandzki<\/b><\/p>\n    <p>architekci: <b>Konstantyn Heidenreich z Kopic k. Grodkowa<\/b> <a href=\"https:\/\/poborskid.wordpress.com\/2023\/06\/27\/architekci\/\" target=\"_blank\"><\/a><\/p>\n    <p>budowa : <b>1882-1885 r.<\/b><\/p>\n       <p>dost\u0119pno\u015b\u0107 obiektu: <b>dost\u0119pny<\/b><\/p>\n    <p>Forma ochrony: <b>Rejestr zabytk\u00f3w, Ewidencja zabytk\u00f3w<\/b><\/p>\n   \n    <p>lokalizacja: <b>50\u00b023\u203202\u2033N 18\u00b028\u203243\u2033E<\/b><\/p>\n<\/div>\n\n\n\n\n<p>W roku 1737 wie\u015b zosta\u0142a kupiona przez barona Franza Wolfganga von Stechowa. By\u0142 on za\u0142o\u017cycielem majoratu (fideikomisu), kt\u00f3rego dobra w 1751 r. obejmowa\u0142y Rud\u0119, Biskupice i P\u0142awniowice. Na w\u0142asno\u015b\u0107 rodziny Ballestrem\u00f3w dobra te przesz\u0142y drog\u0105 dziedziczenia w 1798 r. i pozosta\u0142y w\u0142asno\u015bci\u0105 tego rodu do 1945 r.<\/p>\n\n\n\n<figure class=\"wp-block-image size-full\"><img decoding=\"async\" width=\"708\" height=\"850\" src=\"https:\/\/poborski.eu\/wp-content\/uploads\/2025\/03\/plawniowice-5-1.jpg\" alt=\"\" class=\"wp-image-1190\" srcset=\"https:\/\/poborski.eu\/wp-content\/uploads\/2025\/03\/plawniowice-5-1.jpg 708w, https:\/\/poborski.eu\/wp-content\/uploads\/2025\/03\/plawniowice-5-1-250x300.jpg 250w\" sizes=\"(max-width: 708px) 100vw, 708px\" \/><figcaption class=\"wp-element-caption\"><em><sub><sup>zdj\u0119cia: D.Poborski<\/sup><\/sub><\/em><\/figcaption><\/figure>\n\n\n\n<p>Rodzina Ballestrem\u00f3w pochodzi\u0142a z p\u0142n. W\u0142och. Pocz\u0105tek \u015bl\u0105skiej linii tego rodu da\u0142 w po\u0142. XVIII wieku Giovanni Baptista Angelo Graf von Ballestrem di Castellengo, poprzez ma\u0142\u017ce\u0144stwo z c\u00f3rk\u0105 barona von Stechowa, Mari\u0105 El\u017cbiet\u0105 August\u0105.<\/p>\n\n\n\n<p>W 1737 r. powsta\u0142a pierwsza budowla pa\u0142acowa czas\u00f3w nowo\u017cytnych; wzni\u00f3s\u0142 j\u0105 Zygmunt Miko\u0142aj von G\u00f6erz.<\/p>\n\n\n\n<p>Obecny pa\u0142ac wzniesiono w latach 1882\u20131885 (w miejscu istniej\u0105cego z 1737 roku), wed\u0142ug projektu mistrza budowlanego Konstantego Heidenreicha z Kopic. Budow\u0119 pa\u0142acu, kt\u00f3ry przeznaczony zosta\u0142 do pe\u0142nienia roli rezydencji rodzinnej, zleci\u0142 hrabia Franciszek II Ballestrem. Ca\u0142kowity koszt budowy kompleksu pa\u0142acowego wyni\u00f3s\u0142 386 000 \u00f3wczesnych marek.<\/p>\n\n\n\n<p><strong>linki:<\/strong><\/p>\n\n\n\n<ul class=\"wp-block-list\">\n<li><a href=\"https:\/\/pl.wikipedia.org\/wiki\/Zesp%C3%B3%C5%82_pa%C5%82acowo-parkowy_w_P%C5%82awniowicach\">https:\/\/pl.wikipedia.org\/wiki\/Zesp%C3%B3%C5%82_pa%C5%82acowo-parkowy_w_P%C5%82awniowicach<\/a><\/li>\n\n\n\n<li><a href=\"https:\/\/palac.plawniowice.pl\/\">https:\/\/palac.plawniowice.pl\/<\/a><\/li>\n\n\n\n<li><a href=\"https:\/\/www.facebook.com\/palac.plawniowice\/?locale=pl_PL\">https:\/\/www.facebook.com\/palac.plawniowice\/?locale=pl_PL<\/a><\/li>\n\n\n\n<li><a href=\"https:\/\/www.glogow.pl\/okolice\/podstrony\/glogowski\/zzzzzballestrem.htm\">https:\/\/www.glogow.pl\/okolice\/podstrony\/glogowski\/zzzzzballestrem.htm<\/a><\/li>\n\n\n\n<li><a href=\"https:\/\/www.slaskie.travel\/article\/1016442\/sladami-ballestremow-z-plawniowic\">https:\/\/www.slaskie.travel\/article\/1016442\/sladami-ballestremow-z-plawniowic<\/a><\/li>\n<\/ul>\n\n\n\n<p><\/p>\n\n\n\n<!-- Final Tiles Grid Gallery for WordPress v3.6.4 free --><style>#ftg-1515 .tile .icon { color:#ffffff; }#ftg-1515 .ftg-items .loading-bar i { background:#666; }#ftg-1515 .ftg-items .loading-bar { background:#fff; }#ftg-1515 .tile .icon { font-size:12px; }#ftg-1515 .tile .icon { margin: -6px 0 0 -6px; }#ftg-1515 .tile .caption-block .text-wrapper span.text { font-size:12px; }#ftg-1515 .tile .caption-outside .text-wrapper span.text { font-size:12px; }#ftg-1515 .tile .caption-block .text-wrapper span.title { font-size:14px; }#ftg-1515 .tile .caption-outside .text-wrapper span.title { font-size:14px; }#ftg-1515 .tile { background-color: transparent; }#ftg-1515 .tile .caption-block .text-wrapper span.text { color: #ffffff; }#ftg-1515 .tile .caption-block .text-wrapper span.title { color: #ffffff; }#ftg-1515 .tile .caption-outside .text-wrapper span.text { color: #ffffff; }#ftg-1515 .tile .caption-outside .text-wrapper span.title { color: #ffffff; }#ftg-1515 .tile .ftg-social a { color: #ffffff; }#ftg-1515 .tile .caption-block { transition-timing-function:linear; }#ftg-1515 .tile .caption-block { transition-duration:0.25s; }#ftg-1515 .tile .tile-inner:before { background-color: #000000; }#ftg-1515 .tile .tile-inner:before { background-color: rgba(0, 0, 0, 0.8); }<\/style><a name=\"15\"><\/a><div class=\"final-tiles-gallery  ftg-hover-enabled caption-inside  caption-none caption-middle caption-center\" id=\"ftg-1515\" style=\"width: 100%\"><div class='ftg-items'><div class='loading-bar'><i><\/i><\/div><div  class='tile ftg-preload  '><a title=\"\" data-lightbox='ftg-1515' rel='ftg-1515'  class=' tile-inner  ftg-lightbox' href='https:\/\/poborski.eu\/wp-content\/uploads\/2025\/03\/plawniowice-1-1.webp' ><img alt='' class='item skip-lazy' data-class='item' data-ftg-source='http:\/\/poborski.eu\/wp-content\/uploads\/2025\/03\/plawniowice-1-1.webp' src='http:\/\/poborski.eu\/wp-content\/uploads\/2025\/03\/plawniowice-1-1.webp' width='850' height='711' \/><span class='icon fa fa-zoom'><\/span><div class='caption-block'><\/div><\/a><div class='ftg-social'><\/div><\/div><div  class='tile ftg-preload  '><a title=\"\" data-lightbox='ftg-1515' rel='ftg-1515'  class=' tile-inner  ftg-lightbox' href='https:\/\/poborski.eu\/wp-content\/uploads\/2025\/03\/plawniowice-2-1.webp' ><img alt='' class='item skip-lazy' data-class='item' data-ftg-source='http:\/\/poborski.eu\/wp-content\/uploads\/2025\/03\/plawniowice-2-1.webp' src='http:\/\/poborski.eu\/wp-content\/uploads\/2025\/03\/plawniowice-2-1.webp' width='850' height='672' \/><span class='icon fa fa-zoom'><\/span><div class='caption-block'><\/div><\/a><div class='ftg-social'><\/div><\/div><div  class='tile ftg-preload  '><a title=\"\" data-lightbox='ftg-1515' rel='ftg-1515'  class=' tile-inner  ftg-lightbox' href='https:\/\/poborski.eu\/wp-content\/uploads\/2025\/03\/plawniowice-3-1.webp' ><img alt='' class='item skip-lazy' data-class='item' data-ftg-source='http:\/\/poborski.eu\/wp-content\/uploads\/2025\/03\/plawniowice-3-1.webp' src='http:\/\/poborski.eu\/wp-content\/uploads\/2025\/03\/plawniowice-3-1.webp' width='850' height='761' \/><span class='icon fa fa-zoom'><\/span><div class='caption-block'><\/div><\/a><div class='ftg-social'><\/div><\/div><div  class='tile ftg-preload  '><a title=\"\" data-lightbox='ftg-1515' rel='ftg-1515'  class=' tile-inner  ftg-lightbox' href='https:\/\/poborski.eu\/wp-content\/uploads\/2025\/03\/plawniowice-6-1.webp' ><img alt='' class='item skip-lazy' data-class='item' data-ftg-source='http:\/\/poborski.eu\/wp-content\/uploads\/2025\/03\/plawniowice-6-1.webp' src='http:\/\/poborski.eu\/wp-content\/uploads\/2025\/03\/plawniowice-6-1.webp' width='850' height='842' \/><span class='icon fa fa-zoom'><\/span><div class='caption-block'><\/div><\/a><div class='ftg-social'><\/div><\/div><div  class='tile ftg-preload  '><a title=\"\" data-lightbox='ftg-1515' rel='ftg-1515'  class=' tile-inner  ftg-lightbox' href='https:\/\/poborski.eu\/wp-content\/uploads\/2025\/03\/plawniowice-8-1.webp' ><img alt='' class='item skip-lazy' data-class='item' data-ftg-source='http:\/\/poborski.eu\/wp-content\/uploads\/2025\/03\/plawniowice-8-1.webp' src='http:\/\/poborski.eu\/wp-content\/uploads\/2025\/03\/plawniowice-8-1.webp' width='850' height='570' \/><span class='icon fa fa-zoom'><\/span><div class='caption-block'><\/div><\/a><div class='ftg-social'><\/div><\/div><\/div><\/div>\n\n\n\n<p><em><sub><sup>zdj\u0119cia: D.Poborski<\/sup><\/sub><\/em><\/p>\n","protected":false},"excerpt":{"rendered":"<p>Pa\u0142ac zbudowany w latach 1882\u20131885 jako rezydencja rodziny Ballestrem\u00f3w, otoczony parkiem o powierzchni 2,4 ha Pierwsza wzmianka o miejscowo\u015bci P\u0142awniowice pochodzi z 1317 r., druga znajduje si\u0119 w dokumentach z 1364 r., w kt\u00f3rych figuruje nazwisko Marcusa de Plawniowitz, jako w\u0142a\u015bciciela okolicznych teren\u00f3w. W rachunkach dworu kr\u00f3la W\u0142adys\u0142awa Jagie\u0142\u0142y z 1393 roku znajduje si\u0119 wzmianka, [&hellip;]<\/p>\n","protected":false},"author":2,"featured_media":1187,"comment_status":"open","ping_status":"open","sticky":false,"template":"","format":"standard","meta":{"footnotes":""},"categories":[6],"tags":[80,123,157,208,243,266,298,318,411,440],"class_list":["post-1183","post","type-post","status-publish","format-standard","has-post-thumbnail","hentry","category-zamki-i-palace","tag-de-plawniowitz","tag-franciszek-ii-ballestrem","tag-heidenreich","tag-konstanty-heidenreich-z-kopic","tag-lorenz-seydlitz","tag-neomanieryzm-niderlandzki","tag-piotr-szafraniec","tag-plawniowice","tag-von-ballestrem-di-castellengo","tag-von-goerz"],"_links":{"self":[{"href":"https:\/\/poborski.eu\/index.php?rest_route=\/wp\/v2\/posts\/1183","targetHints":{"allow":["GET"]}}],"collection":[{"href":"https:\/\/poborski.eu\/index.php?rest_route=\/wp\/v2\/posts"}],"about":[{"href":"https:\/\/poborski.eu\/index.php?rest_route=\/wp\/v2\/types\/post"}],"author":[{"embeddable":true,"href":"https:\/\/poborski.eu\/index.php?rest_route=\/wp\/v2\/users\/2"}],"replies":[{"embeddable":true,"href":"https:\/\/poborski.eu\/index.php?rest_route=%2Fwp%2Fv2%2Fcomments&post=1183"}],"version-history":[{"count":3,"href":"https:\/\/poborski.eu\/index.php?rest_route=\/wp\/v2\/posts\/1183\/revisions"}],"predecessor-version":[{"id":1201,"href":"https:\/\/poborski.eu\/index.php?rest_route=\/wp\/v2\/posts\/1183\/revisions\/1201"}],"wp:featuredmedia":[{"embeddable":true,"href":"https:\/\/poborski.eu\/index.php?rest_route=\/wp\/v2\/media\/1187"}],"wp:attachment":[{"href":"https:\/\/poborski.eu\/index.php?rest_route=%2Fwp%2Fv2%2Fmedia&parent=1183"}],"wp:term":[{"taxonomy":"category","embeddable":true,"href":"https:\/\/poborski.eu\/index.php?rest_route=%2Fwp%2Fv2%2Fcategories&post=1183"},{"taxonomy":"post_tag","embeddable":true,"href":"https:\/\/poborski.eu\/index.php?rest_route=%2Fwp%2Fv2%2Ftags&post=1183"}],"curies":[{"name":"wp","href":"https:\/\/api.w.org\/{rel}","templated":true}]}}