{"id":1216,"date":"2025-03-31T14:53:52","date_gmt":"2025-03-31T14:53:52","guid":{"rendered":"http:\/\/poborski.eu\/?p=1216"},"modified":"2025-03-31T15:02:13","modified_gmt":"2025-03-31T15:02:13","slug":"palac-zamek-w-polskiej-cerekwi","status":"publish","type":"post","link":"https:\/\/poborski.eu\/?p=1216","title":{"rendered":"Pa\u0142ac [zamek] w Polskiej Cerekwi"},"content":{"rendered":"\n<p><em>[niem. Gro\u00df Neukirch, do 1914 Polnisch Neukirch]<\/em><\/p>\n\n\n\n<p>Zbudowany zosta\u0142 na pocz\u0105tku XVII wieku przez Jerzego von Oppersdorf. Po\u0142o\u017cony jest na terenie parku, kt\u00f3ry od wschodu i&nbsp;po\u0142udnia pierwotnie mia\u0142 charakter krajobrazowy. Otoczony by\u0142 fos\u0105, kt\u00f3rej zarys zachowa\u0142 si\u0119 do dnia dzisiejszego. Na wsch\u00f3d od pa\u0142acu znajduje si\u0119 staw, po stronie zachodniej znajduj\u0105 si\u0119 kolejno: budynek bramny w&nbsp;wie\u017c\u0105 i&nbsp;naro\u017cnymi basztami, oraz ko\u015bci\u00f3\u0142 parafialny. Pa\u0142ac wybudowany zosta\u0142 na planie prostok\u0105ta z&nbsp;d\u0142u\u017cszym bokiem na osi wsch\u00f3d-zach\u00f3d. Pierwotnie by\u0142a to budowla tr\u00f3jskrzyd\u0142owa z&nbsp;murem kurtynowym rozpi\u0119tym pomi\u0119dzy dwoma naro\u017cnymi, o\u015bmiobocznymi wie\u017cami (do zachodu) i&nbsp;wewn\u0119trznym dziedzi\u0144cem.<\/p>\n\n\n\n<figure class=\"wp-block-image size-full\"><a href=\"https:\/\/zabytek.pl\/pl\/obiekty\/polska-cerekiew-palac-d-zamek\/dokumenty\/PL.1.9.ZIPOZ.NID_N_16_EN.68600\/1\"><img fetchpriority=\"high\" decoding=\"async\" width=\"1000\" height=\"268\" src=\"https:\/\/poborski.eu\/wp-content\/uploads\/2025\/03\/polska-cerekiewaz-_-1.webp\" alt=\"\" class=\"wp-image-1217\" srcset=\"https:\/\/poborski.eu\/wp-content\/uploads\/2025\/03\/polska-cerekiewaz-_-1.webp 1000w, https:\/\/poborski.eu\/wp-content\/uploads\/2025\/03\/polska-cerekiewaz-_-1-300x80.webp 300w, https:\/\/poborski.eu\/wp-content\/uploads\/2025\/03\/polska-cerekiewaz-_-1-768x206.webp 768w\" sizes=\"(max-width: 1000px) 100vw, 1000px\" \/><\/a><\/figure>\n\n\n\n<p>W&nbsp;XVIII wieku pa\u0142ac zosta\u0142 przykryty dachem mansardowym, za\u015b dziedziniec zamieniony zosta\u0142 na centraln\u0105 sal\u0119 reprezentacyjn\u0105. Tr\u00f3jkondygnacyjne skrzyd\u0142a pa\u0142acu s\u0105 podpiwniczone i&nbsp;zachowa\u0142y si\u0119 w&nbsp;nich gotyckie ceg\u0142y, kt\u00f3re pozosta\u0142y prawdopodobnie po wcze\u015bniejszej siedzibie. Wie\u017ce s\u0105 o&nbsp;kondygnacj\u0119 wy\u017csze od korpusu. Nakryte s\u0105 odtworzonymi he\u0142mami. Elewacje p\u00f3\u0142nocna i&nbsp;po\u0142udniowa s\u0105 7-osiowe o&nbsp;nieregularnym rytmie otwor\u00f3w okiennych. Elewacja frontowa jest 5-osiowa (1:3:1) z&nbsp;dekoracyjnym portalem na osi, natomiast elewacja wschodnia, poprzedzona nowszym tarasem i&nbsp;schodami, jest 6-osiowa Pa\u0142ac zwie\u0144czony s\u0105 gzymsem koronuj\u0105cym, powy\u017cej kt\u00f3rego, za wyj\u0105tkiem elewacji p\u00f3\u0142nocnej, znajduj\u0105 si\u0119 tr\u00f3jk\u0105tne szczyty o&nbsp;podzia\u0142ach gzymsami i&nbsp;pilastrami (odtworzone). <\/p>\n\n\n\n<figure class=\"wp-block-image size-full\"><img decoding=\"async\" width=\"649\" height=\"850\" src=\"https:\/\/poborski.eu\/wp-content\/uploads\/2025\/03\/polska-cerekiew-__-1.webp\" alt=\"\" class=\"wp-image-1219\" srcset=\"https:\/\/poborski.eu\/wp-content\/uploads\/2025\/03\/polska-cerekiew-__-1.webp 649w, https:\/\/poborski.eu\/wp-content\/uploads\/2025\/03\/polska-cerekiew-__-1-229x300.webp 229w\" sizes=\"(max-width: 649px) 100vw, 649px\" \/><figcaption class=\"wp-element-caption\"><sup><em>zdj\u0119cia:&nbsp;D.Poborski<\/em><\/sup><\/figcaption><\/figure>\n\n\n\n<p>Na elewacjach zachowa\u0142y si\u0119 r\u00f3wnie\u017c fragmenty pierwotnej dekoracji sgraffitowej z&nbsp;ok 1617&nbsp;r. Podczas ostatnich prac budowlanych cz\u0119\u015bciowo zosta\u0142y odtworzone sklepienia kolebkowe z&nbsp;lunetami, lecz w&nbsp;wi\u0119kszo\u015bci pomieszcze\u0144 po\u0142o\u017cone zosta\u0142y wsp\u00f3\u0142czesne stropy. Zmieniona te\u017c zosta\u0142a pierwotna organizacja pomieszcze\u0144 np. zlikwidowano klatki schodowe w&nbsp;wie\u017cach, a&nbsp;g\u0142\u00f3wn\u0105 klatk\u0119 schodow\u0105, znajduj\u0105c\u0105 si\u0119 w&nbsp;skrzydle po\u0142udniowym, rozpi\u0119to wok\u00f3\u0142 szybu windy.<\/p>\n\n\n\n<figure class=\"wp-block-image size-full\"><img decoding=\"async\" width=\"900\" height=\"675\" src=\"https:\/\/poborski.eu\/wp-content\/uploads\/2025\/03\/pc2.webp\" alt=\"\" class=\"wp-image-1230\" srcset=\"https:\/\/poborski.eu\/wp-content\/uploads\/2025\/03\/pc2.webp 900w, https:\/\/poborski.eu\/wp-content\/uploads\/2025\/03\/pc2-300x225.webp 300w, https:\/\/poborski.eu\/wp-content\/uploads\/2025\/03\/pc2-768x576.webp 768w\" sizes=\"(max-width: 900px) 100vw, 900px\" \/><\/figure>\n\n\n\n<p>Pod koniec XIX wieku zosta\u0142 przebudowany i odnowiony przez&nbsp;<a href=\"https:\/\/www.geni.com\/surnames\/people\/von-matuschka\">Eberharda von Matuschk\u0119<\/a>. Efektowny trzykondygnacyjny obiekt z dwiema wie\u017cami, sk\u0142adaj\u0105cy si\u0119 z trzech skrzyde\u0142 zbudowanych wok\u00f3\u0142 niewielkiego dziedzi\u0144ca zamkni\u0119tego z czwartej strony murem.<\/p>\n\n\n\n<div style=\"border: 1px solid black; background-color: white; max-width: 550px; padding: 10px; font-size: 12px; font-family: Arial, sans-serif;\">\n    <p>styl architektoniczny: <b>p\u00f3\u017any renesans<\/b><\/p>\n    <p>architekci: <b>?<\/b> <a href=\"https:\/\/poborskid.wordpress.com\/2023\/06\/27\/architekci\/\" target=\"_blank\"><\/a><\/p>\n    <p>budowa : <b>od 1617 r.<\/b><\/p>\n<p>przebudowa : <b>od XIX w.<\/b><\/p>\n       <p>dost\u0119pno\u015b\u0107 obiektu: <b>dost\u0119pny<\/b><\/p>\n    <p>Forma ochrony: <b>Obiekt \u2013 ruina zamku, nr rej.: 686\/63 z 16.10.1963 \/ Park \u2013 nr rej.: 177\/88 z 14.07.1988<\/b><\/p>\n   \n    <p>lokalizacja: <b>50\u00b013\u203241\u2033N 18\u00b007\u203232\u2033E<\/b><\/p>\n<\/div>\n\n\n\n<p><\/p>\n\n\n\n<figure class=\"wp-block-image size-full\"><a href=\"https:\/\/zabytek.pl\/pl\/obiekty\/polska-cerekiew-palac-d-zamek\/dokumenty\/PL.1.9.ZIPOZ.NID_N_16_EN.68600\/1\"><img loading=\"lazy\" decoding=\"async\" width=\"1000\" height=\"715\" src=\"https:\/\/poborski.eu\/wp-content\/uploads\/2025\/03\/polska-cerekiewz-_-1.webp\" alt=\"\" class=\"wp-image-1226\" srcset=\"https:\/\/poborski.eu\/wp-content\/uploads\/2025\/03\/polska-cerekiewz-_-1.webp 1000w, https:\/\/poborski.eu\/wp-content\/uploads\/2025\/03\/polska-cerekiewz-_-1-300x215.webp 300w, https:\/\/poborski.eu\/wp-content\/uploads\/2025\/03\/polska-cerekiewz-_-1-768x549.webp 768w\" sizes=\"(max-width: 1000px) 100vw, 1000px\" \/><\/a><\/figure>\n\n\n\n<hr class=\"wp-block-separator has-alpha-channel-opacity\"\/>\n\n\n\n<p><strong>linki:<\/strong><\/p>\n\n\n\n<ul class=\"wp-block-list\">\n<li><a href=\"https:\/\/zabytek.pl\/pl\/obiekty\/polska-cerekiew-palac-d-zamek\">https:\/\/zabytek.pl\/pl\/obiekty\/polska-cerekiew-palac-d-zamek<\/a><\/li>\n\n\n\n<li><a href=\"https:\/\/www.polskiezabytki.pl\/m\/obiekt\/4200\/Polska_Cerekiew\/\">https:\/\/www.polskiezabytki.pl\/m\/obiekt\/4200\/Polska_Cerekiew\/<\/a><\/li>\n\n\n\n<li><a href=\"https:\/\/pl.wikipedia.org\/wiki\/Polska_Cerekiew\">https:\/\/pl.wikipedia.org\/wiki\/Polska_Cerekiew<\/a><\/li>\n\n\n\n<li><a href=\"https:\/\/www.sbc.org.pl\/dlibra\/publication\/edition\/4662?id=4662\">https:\/\/www.sbc.org.pl\/dlibra\/publication\/edition\/4662?id=4662<\/a><\/li>\n<\/ul>\n\n\n\n<p>lokalizacja:&nbsp;<strong>50\u00b013\u203245\u2033N 18\u00b007\u203238\u2033E<\/strong><\/p>\n\n\n\n<hr class=\"wp-block-separator has-alpha-channel-opacity\"\/>\n\n\n\n<p>Polska Cerekiew (dodatkowa nazwa w j. niem. Gro\u00df Neukirch, do 1914 Polnisch Neukirch) \u2013 wie\u015b w Polsce, po\u0142o\u017cona w wojew\u00f3dztwie opolskim, w powiecie k\u0119dzierzy\u0144sko-kozielskim, w gminie Polska Cerekiew. Historycznie na G\u00f3rnym \u015al\u0105sku.<\/p>\n\n\n\n<hr class=\"wp-block-separator has-alpha-channel-opacity\"\/>\n\n\n\n<p><\/p>\n\n\n\n<p>Zobacz&nbsp;<a href=\"https:\/\/zabytek.pl\/pl\/obiekty\/polska-cerekiew-palac-d-zamek\/dokumenty\/PL.1.9.ZIPOZ.NID_N_16_EN.68600\/1\"><strong>KARTA EWIDENCYJNA ZABYTKU<\/strong><\/a><\/p>\n\n\n\n<figure class=\"wp-block-image\"><a href=\"https:\/\/zabytek.pl\/pl\/obiekty\/polska-cerekiew-palac-d-zamek\/dokumenty\/PL.1.9.ZIPOZ.NID_N_16_EN.68600\/25\"><img decoding=\"async\" src=\"https:\/\/zabytek.pl\/public\/upload\/docs_pages\/zoom\/5f96012041c5c.jpg?v=1603666209\" alt=\"\"\/><\/a><\/figure>\n\n\n\n<p>Zobacz prezentacj\u0119<strong>&nbsp;<a href=\"https:\/\/www.rewaloryzacja.com\/pracownia\/projekty\/cerekiew\/prezentacja.htm\">KONCEPCJA ODBUDOWY ZAMKU W POLSKIEJ CEREKWI WRAZ Z ZAGOSPODAROWANIEM TERENU<\/a><\/strong><\/p>\n\n\n\n<p>opracowanie:&nbsp;<em>Autorska Pracownia ach. Macieja Ma\u0142achowicza<\/em><\/p>\n\n\n\n<figure class=\"wp-block-image\"><a href=\"https:\/\/www.rewaloryzacja.com\/pracownia\/projekty\/cerekiew\/prezentacja.htm\"><img decoding=\"async\" src=\"https:\/\/www.rewaloryzacja.com\/pracownia\/projekty\/cerekiew\/duze\/6.jpg\" alt=\"\"\/><\/a><\/figure>\n\n\n\n<figure class=\"wp-block-image\"><a href=\"https:\/\/www.rewaloryzacja.com\/pracownia\/projekty\/cerekiew\/prezentacja.htm\"><img decoding=\"async\" src=\"https:\/\/www.rewaloryzacja.com\/pracownia\/projekty\/cerekiew\/duze\/2.jpg\" alt=\"\"\/><\/a><\/figure>\n\n\n\n<hr class=\"wp-block-separator has-alpha-channel-opacity\"\/>\n\n\n\n<figure class=\"wp-block-image size-full\"><img loading=\"lazy\" decoding=\"async\" width=\"675\" height=\"900\" src=\"https:\/\/poborski.eu\/wp-content\/uploads\/2025\/03\/pc4.webp\" alt=\"\" class=\"wp-image-1233\" srcset=\"https:\/\/poborski.eu\/wp-content\/uploads\/2025\/03\/pc4.webp 675w, https:\/\/poborski.eu\/wp-content\/uploads\/2025\/03\/pc4-225x300.webp 225w\" sizes=\"(max-width: 675px) 100vw, 675px\" \/><figcaption class=\"wp-element-caption\"><sup><em>zdj\u0119cia:\u00a0D.Poborski<\/em><\/sup><\/figcaption><\/figure>\n\n\n\n<figure class=\"wp-block-image size-full\"><img loading=\"lazy\" decoding=\"async\" width=\"900\" height=\"675\" src=\"https:\/\/poborski.eu\/wp-content\/uploads\/2025\/03\/pc3.webp\" alt=\"\" class=\"wp-image-1232\" srcset=\"https:\/\/poborski.eu\/wp-content\/uploads\/2025\/03\/pc3.webp 900w, https:\/\/poborski.eu\/wp-content\/uploads\/2025\/03\/pc3-300x225.webp 300w, https:\/\/poborski.eu\/wp-content\/uploads\/2025\/03\/pc3-768x576.webp 768w\" sizes=\"(max-width: 900px) 100vw, 900px\" \/><figcaption class=\"wp-element-caption\"><sup><em>zdj\u0119cia:\u00a0D.Poborski<\/em><\/sup><\/figcaption><\/figure>\n\n\n\n<figure class=\"wp-block-image size-full\"><img loading=\"lazy\" decoding=\"async\" width=\"900\" height=\"633\" src=\"https:\/\/poborski.eu\/wp-content\/uploads\/2025\/03\/pc1.webp\" alt=\"\" class=\"wp-image-1231\" srcset=\"https:\/\/poborski.eu\/wp-content\/uploads\/2025\/03\/pc1.webp 900w, https:\/\/poborski.eu\/wp-content\/uploads\/2025\/03\/pc1-300x211.webp 300w, https:\/\/poborski.eu\/wp-content\/uploads\/2025\/03\/pc1-768x540.webp 768w\" sizes=\"(max-width: 900px) 100vw, 900px\" \/><figcaption class=\"wp-element-caption\"><sup><em>zdj\u0119cia:\u00a0D.Poborski<\/em><\/sup><\/figcaption><\/figure>\n\n\n\n<!-- Final Tiles Grid Gallery for WordPress v3.6.4 free --><style>#ftg-1717 .tile .icon { color:#ffffff; }#ftg-1717 .ftg-items .loading-bar i { background:#666; }#ftg-1717 .ftg-items .loading-bar { background:#fff; }#ftg-1717 .tile .icon { font-size:12px; }#ftg-1717 .tile .icon { margin: -6px 0 0 -6px; }#ftg-1717 .tile .caption-block .text-wrapper span.text { font-size:12px; }#ftg-1717 .tile .caption-outside .text-wrapper span.text { font-size:12px; }#ftg-1717 .tile .caption-block .text-wrapper span.title { font-size:14px; }#ftg-1717 .tile .caption-outside .text-wrapper span.title { font-size:14px; }#ftg-1717 .tile { background-color: transparent; }#ftg-1717 .tile .caption-block .text-wrapper span.text { color: #ffffff; }#ftg-1717 .tile .caption-block .text-wrapper span.title { color: #ffffff; }#ftg-1717 .tile .caption-outside .text-wrapper span.text { color: #ffffff; }#ftg-1717 .tile .caption-outside .text-wrapper span.title { color: #ffffff; }#ftg-1717 .tile .ftg-social a { color: #ffffff; }#ftg-1717 .tile .caption-block { transition-timing-function:linear; }#ftg-1717 .tile .caption-block { transition-duration:0.25s; }#ftg-1717 .tile .tile-inner:before { background-color: #000000; }#ftg-1717 .tile .tile-inner:before { background-color: rgba(0, 0, 0, 0.8); }<\/style><a name=\"17\"><\/a><div class=\"final-tiles-gallery  ftg-hover-enabled caption-inside  caption-none caption-middle caption-center\" id=\"ftg-1717\" style=\"width: 100%\"><div class='ftg-items'><div class='loading-bar'><i><\/i><\/div><div  class='tile ftg-preload  '><a title=\"\" data-lightbox='ftg-1717' rel='ftg-1717'  class=' tile-inner  ftg-lightbox' href='https:\/\/poborski.eu\/wp-content\/uploads\/2025\/03\/polska-cerekiew-__-1.webp' ><img alt='' class='item skip-lazy' data-class='item' data-ftg-source='http:\/\/poborski.eu\/wp-content\/uploads\/2025\/03\/polska-cerekiew-__-1.webp' src='http:\/\/poborski.eu\/wp-content\/uploads\/2025\/03\/polska-cerekiew-__-1.webp' width='649' height='850' \/><span class='icon fa fa-zoom'><\/span><div class='caption-block'><\/div><\/a><div class='ftg-social'><\/div><\/div><div  class='tile ftg-preload  '><a title=\"\" data-lightbox='ftg-1717' rel='ftg-1717'  class=' tile-inner  ftg-lightbox' href='https:\/\/poborski.eu\/wp-content\/uploads\/2025\/03\/polska-cerekiew_x-1.webp' ><img alt='' class='item skip-lazy' data-class='item' data-ftg-source='http:\/\/poborski.eu\/wp-content\/uploads\/2025\/03\/polska-cerekiew_x-1.webp' src='http:\/\/poborski.eu\/wp-content\/uploads\/2025\/03\/polska-cerekiew_x-1.webp' width='696' height='850' \/><span class='icon fa fa-zoom'><\/span><div class='caption-block'><\/div><\/a><div class='ftg-social'><\/div><\/div><div  class='tile ftg-preload  '><a title=\"\" data-lightbox='ftg-1717' rel='ftg-1717'  class=' tile-inner  ftg-lightbox' href='https:\/\/poborski.eu\/wp-content\/uploads\/2025\/03\/polska-cerekiew-2-1.webp' ><img alt='' class='item skip-lazy' data-class='item' data-ftg-source='http:\/\/poborski.eu\/wp-content\/uploads\/2025\/03\/polska-cerekiew-2-1.webp' src='http:\/\/poborski.eu\/wp-content\/uploads\/2025\/03\/polska-cerekiew-2-1.webp' width='850' height='747' \/><span class='icon fa fa-zoom'><\/span><div class='caption-block'><\/div><\/a><div class='ftg-social'><\/div><\/div><div  class='tile ftg-preload  '><a title=\"\" data-lightbox='ftg-1717' rel='ftg-1717'  class=' tile-inner  ftg-lightbox' href='https:\/\/poborski.eu\/wp-content\/uploads\/2025\/03\/polska-cerekiew-3-1.webp' ><img alt='' class='item skip-lazy' data-class='item' data-ftg-source='http:\/\/poborski.eu\/wp-content\/uploads\/2025\/03\/polska-cerekiew-3-1.webp' src='http:\/\/poborski.eu\/wp-content\/uploads\/2025\/03\/polska-cerekiew-3-1.webp' width='850' height='731' \/><span class='icon fa fa-zoom'><\/span><div class='caption-block'><\/div><\/a><div class='ftg-social'><\/div><\/div><div  class='tile ftg-preload  '><a title=\"\" data-lightbox='ftg-1717' rel='ftg-1717'  class=' tile-inner  ftg-lightbox' href='https:\/\/poborski.eu\/wp-content\/uploads\/2025\/03\/polska-cerekiew-5-1.webp' ><img alt='' class='item skip-lazy' data-class='item' data-ftg-source='http:\/\/poborski.eu\/wp-content\/uploads\/2025\/03\/polska-cerekiew-5-1.webp' src='http:\/\/poborski.eu\/wp-content\/uploads\/2025\/03\/polska-cerekiew-5-1.webp' width='588' height='850' \/><span class='icon fa fa-zoom'><\/span><div class='caption-block'><\/div><\/a><div class='ftg-social'><\/div><\/div><div  class='tile ftg-preload  '><a title=\"\" data-lightbox='ftg-1717' rel='ftg-1717'  class=' tile-inner  ftg-lightbox' href='https:\/\/poborski.eu\/wp-content\/uploads\/2025\/03\/polska-cerekiew-7-1.webp' ><img alt='' class='item skip-lazy' data-class='item' data-ftg-source='http:\/\/poborski.eu\/wp-content\/uploads\/2025\/03\/polska-cerekiew-7-1.webp' src='http:\/\/poborski.eu\/wp-content\/uploads\/2025\/03\/polska-cerekiew-7-1.webp' width='638' height='850' \/><span class='icon fa fa-zoom'><\/span><div class='caption-block'><\/div><\/a><div class='ftg-social'><\/div><\/div><div  class='tile ftg-preload  '><a title=\"\" data-lightbox='ftg-1717' rel='ftg-1717'  class=' tile-inner  ftg-lightbox' href='https:\/\/poborski.eu\/wp-content\/uploads\/2025\/03\/polska-cerekiew-8-1.webp' ><img alt='' class='item skip-lazy' data-class='item' data-ftg-source='http:\/\/poborski.eu\/wp-content\/uploads\/2025\/03\/polska-cerekiew-8-1.webp' src='http:\/\/poborski.eu\/wp-content\/uploads\/2025\/03\/polska-cerekiew-8-1.webp' width='818' height='850' \/><span class='icon fa fa-zoom'><\/span><div class='caption-block'><\/div><\/a><div class='ftg-social'><\/div><\/div><\/div><\/div>\n\n\n\n<p><sup><em>zdj\u0119cia:\u00a0D.Poborski<\/em><\/sup><\/p>\n","protected":false},"excerpt":{"rendered":"<p>[niem. Gro\u00df Neukirch, do 1914 Polnisch Neukirch] Zbudowany zosta\u0142 na pocz\u0105tku XVII wieku przez Jerzego von Oppersdorf. Po\u0142o\u017cony jest na terenie parku, kt\u00f3ry od wschodu i&nbsp;po\u0142udnia pierwotnie mia\u0142 charakter krajobrazowy. Otoczony by\u0142 fos\u0105, kt\u00f3rej zarys zachowa\u0142 si\u0119 do dnia dzisiejszego. Na wsch\u00f3d od pa\u0142acu znajduje si\u0119 staw, po stronie zachodniej znajduj\u0105 si\u0119 kolejno: budynek bramny [&hellip;]<\/p>\n","protected":false},"author":2,"featured_media":1218,"comment_status":"open","ping_status":"open","sticky":false,"template":"","format":"standard","meta":{"footnotes":""},"categories":[6],"tags":[],"class_list":["post-1216","post","type-post","status-publish","format-standard","has-post-thumbnail","hentry","category-zamki-i-palace"],"_links":{"self":[{"href":"https:\/\/poborski.eu\/index.php?rest_route=\/wp\/v2\/posts\/1216","targetHints":{"allow":["GET"]}}],"collection":[{"href":"https:\/\/poborski.eu\/index.php?rest_route=\/wp\/v2\/posts"}],"about":[{"href":"https:\/\/poborski.eu\/index.php?rest_route=\/wp\/v2\/types\/post"}],"author":[{"embeddable":true,"href":"https:\/\/poborski.eu\/index.php?rest_route=\/wp\/v2\/users\/2"}],"replies":[{"embeddable":true,"href":"https:\/\/poborski.eu\/index.php?rest_route=%2Fwp%2Fv2%2Fcomments&post=1216"}],"version-history":[{"count":4,"href":"https:\/\/poborski.eu\/index.php?rest_route=\/wp\/v2\/posts\/1216\/revisions"}],"predecessor-version":[{"id":1235,"href":"https:\/\/poborski.eu\/index.php?rest_route=\/wp\/v2\/posts\/1216\/revisions\/1235"}],"wp:featuredmedia":[{"embeddable":true,"href":"https:\/\/poborski.eu\/index.php?rest_route=\/wp\/v2\/media\/1218"}],"wp:attachment":[{"href":"https:\/\/poborski.eu\/index.php?rest_route=%2Fwp%2Fv2%2Fmedia&parent=1216"}],"wp:term":[{"taxonomy":"category","embeddable":true,"href":"https:\/\/poborski.eu\/index.php?rest_route=%2Fwp%2Fv2%2Fcategories&post=1216"},{"taxonomy":"post_tag","embeddable":true,"href":"https:\/\/poborski.eu\/index.php?rest_route=%2Fwp%2Fv2%2Ftags&post=1216"}],"curies":[{"name":"wp","href":"https:\/\/api.w.org\/{rel}","templated":true}]}}