{"id":1310,"date":"2025-04-01T09:07:25","date_gmt":"2025-04-01T09:07:25","guid":{"rendered":"http:\/\/poborski.eu\/?p=1310"},"modified":"2025-04-01T09:14:06","modified_gmt":"2025-04-01T09:14:06","slug":"palac-w-trzebiechowie","status":"publish","type":"post","link":"https:\/\/poborski.eu\/?p=1310","title":{"rendered":"Pa\u0142ac w Trzebiechowie"},"content":{"rendered":"\n<p>[niem. Trebschen]<\/p>\n\n\n\n<p>Trzebiech\u00f3w &#8211; wie\u015b w Polsce po\u0142o\u017cona w wojew\u00f3dztwie lubuskim, w powiecie zielonog\u00f3rskim, w gminie Trzebiech\u00f3w.<\/p>\n\n\n\n<p>Dobra rycerskie w&nbsp;Trzebiechowie od 1442&nbsp;r. do 1724&nbsp;r. nale\u017ca\u0142y do rodu von Troschke. Z&nbsp;ich inicjatywy, pod koniec XVI lub na pocz\u0105tku XVII&nbsp;w., wzniesiono pi\u0119trowy, kamienno-ceglany dw\u00f3r. W&nbsp;1765&nbsp;r. maj\u0105tek przeszed\u0142 w&nbsp;r\u0119ce ksi\u0105\u017c\u0119cego rodu von Reuss. &nbsp;<\/p>\n\n\n\n<p><strong>Trzebiechowski Zesp\u00f3\u0142 pa\u0142acowo-parkowy<\/strong>&nbsp;w obecnym kszta\u0142cie powsta\u0142 w latach 1876-1901 w nurcie francuskiej architektury rezydencjonalnej XVIII wieku. Autorem ostatniej przebudowy pa\u0142acu jest znany austriacki architekt&nbsp;<strong><a href=\"https:\/\/poborskid.wordpress.com\/2023\/06\/27\/architekci\/\">Wiktor Rumpelmayer<\/a><\/strong>.<\/p>\n\n\n\n<figure class=\"wp-block-image size-full\"><img fetchpriority=\"high\" decoding=\"async\" width=\"1000\" height=\"627\" src=\"https:\/\/poborski.eu\/wp-content\/uploads\/2025\/04\/trzebiechow-2-1aa.webp\" alt=\"\" class=\"wp-image-1319\" srcset=\"https:\/\/poborski.eu\/wp-content\/uploads\/2025\/04\/trzebiechow-2-1aa.webp 1000w, https:\/\/poborski.eu\/wp-content\/uploads\/2025\/04\/trzebiechow-2-1aa-300x188.webp 300w, https:\/\/poborski.eu\/wp-content\/uploads\/2025\/04\/trzebiechow-2-1aa-768x482.webp 768w\" sizes=\"(max-width: 1000px) 100vw, 1000px\" \/><\/figure>\n\n\n\n<figure class=\"wp-block-image size-full\"><img decoding=\"async\" width=\"850\" height=\"458\" src=\"https:\/\/poborski.eu\/wp-content\/uploads\/2025\/04\/trzebiechow-5-1.webp\" alt=\"\" class=\"wp-image-1314\" srcset=\"https:\/\/poborski.eu\/wp-content\/uploads\/2025\/04\/trzebiechow-5-1.webp 850w, https:\/\/poborski.eu\/wp-content\/uploads\/2025\/04\/trzebiechow-5-1-300x162.webp 300w, https:\/\/poborski.eu\/wp-content\/uploads\/2025\/04\/trzebiechow-5-1-768x414.webp 768w\" sizes=\"(max-width: 850px) 100vw, 850px\" \/><figcaption class=\"wp-element-caption\"><em><sup><em><em>zdj\u0119cia  &#8211;  D,Poborski<\/em><\/em><\/sup><\/em><\/figcaption><\/figure>\n\n\n\n<p>W&nbsp;1876&nbsp;r. Heinrich Reussi jego \u017cona ks. Marie Anna Alexandriene von Sachsen-Weimar-Eisenach rozpocz\u0119li przebudow\u0119 rezydencji. Prace trwa\u0142y do oko\u0142o 1880&nbsp;r. W&nbsp;1901&nbsp;r. powsta\u0142o skrzyd\u0142o boczne i&nbsp;reprezentacyjna brama na osi pa\u0142acu. R\u00f3wnocze\u015bnie zako\u0144czono przebudow\u0119 zabudowa\u0144 gospodarczych.<\/p>\n\n\n\n<p>Pa\u0142ac za\u0142o\u017cono na planie litery \u201eL\u201d z czworobocznymi wie\u017cami przy p\u00f3\u0142nocnym boku i w skrzydle po\u0142udniowym. Bry\u0142\u0119 rezydencji tworz\u0105 cztery odmienne segmenty zr\u00f3\u017cnicowane form\u0105 i gabarytem. Pa\u0142ac jest w ca\u0142o\u015bci podpiwniczony, w obu skrzyd\u0142ach dwukondygnacyjny, z u\u017cytkowym poddaszem, nakryty dachem mansardowym.<br>Uk\u0142ad funkcjonalny wn\u0119trz w korpusie jest dwutraktowy z sieni\u0105 na przestrza\u0142 i reprezentacyjn\u0105 klatk\u0105 schodow\u0105. We wn\u0119trzach zachowa\u0142y si\u0119 parkiety, boazerie, drewniane stropy kasetonowe, dekoracje sztukatorskie utrzymane w konwencji neorokokowej (min. w dawnej jadalni i sali balowej obecnej auli szkolnej), stolarka g\u0142\u00f3wnej klatki schodowej, jedne drzwi wewn\u0119trzne oraz \u017celiwne schody kr\u0119cone w bocznych klatkach schodowych.<\/p>\n\n\n\n<figure class=\"wp-block-image size-full\"><img decoding=\"async\" width=\"850\" height=\"700\" src=\"https:\/\/poborski.eu\/wp-content\/uploads\/2025\/04\/trzebiechow-2-1.webp\" alt=\"\" class=\"wp-image-1311\" srcset=\"https:\/\/poborski.eu\/wp-content\/uploads\/2025\/04\/trzebiechow-2-1.webp 850w, https:\/\/poborski.eu\/wp-content\/uploads\/2025\/04\/trzebiechow-2-1-300x247.webp 300w, https:\/\/poborski.eu\/wp-content\/uploads\/2025\/04\/trzebiechow-2-1-768x632.webp 768w\" sizes=\"(max-width: 850px) 100vw, 850px\" \/><figcaption class=\"wp-element-caption\"><em><sup><em><em>zdj\u0119cia  &#8211;  D,Poborski<\/em><\/em><\/sup><\/em><\/figcaption><\/figure>\n\n\n\n<p>Wej\u015bcie g\u0142\u00f3wne poprzedzone jest reprezentacyjnymi schodami zewn\u0119trznymi, usytuowanymi na osi fasady w tr\u00f3josiowym pseudoryzalicie i zaakcentowanym herbem rodziny von Reuss. Pseudoryzalit wyniesiony jest poza okap dachu, zamyka malownicz\u0105 facjatk\u0119 z dachem mansardowym, do\u015bwietlon\u0105 przez 3 du\u017ce okna, zwie\u0144czone kamienn\u0105 balustrad\u0105 i figurami alegorycznymi na naro\u017cach. Naro\u017cniki pseudoryzalitu uj\u0119te s\u0105 boniowanymi pilastrami. W partii pierwszego pi\u0119tra, nad wej\u015bciem znajduje si\u0119 balkon i trzy p\u00f3\u0142koli\u015bcie zamkni\u0119te okna typu porte fenetre, artyku\u0142owane pilastrami z g\u0142owicami korynckimi.<\/p>\n\n\n\n<figure class=\"wp-block-image size-full\"><img loading=\"lazy\" decoding=\"async\" width=\"850\" height=\"775\" src=\"https:\/\/poborski.eu\/wp-content\/uploads\/2025\/04\/trzebiechow-3-1.webp\" alt=\"\" class=\"wp-image-1312\" srcset=\"https:\/\/poborski.eu\/wp-content\/uploads\/2025\/04\/trzebiechow-3-1.webp 850w, https:\/\/poborski.eu\/wp-content\/uploads\/2025\/04\/trzebiechow-3-1-300x274.webp 300w, https:\/\/poborski.eu\/wp-content\/uploads\/2025\/04\/trzebiechow-3-1-768x700.webp 768w\" sizes=\"(max-width: 850px) 100vw, 850px\" \/><figcaption class=\"wp-element-caption\"><em><sup><em><em>zdj\u0119cia  &#8211;  D,Poborski<\/em><\/em><\/sup><\/em><\/figcaption><\/figure>\n\n\n\n<p>Podzia\u0142y horyzontalne fasady tworzy wysoki cok\u00f3\u0142 i profilowane gzymsy \u2013 kordonowy i wie\u0144cz\u0105cy. Podkre\u015blaj\u0105 je pasy boniowania na cokole i w partii przyziemia. Otwory okienne umieszczone osiowo, maj\u0105 kszta\u0142t prostok\u0105tny. Uj\u0119te zosta\u0142y w profilowane obramienia spi\u0119te kluczami, wsparte na prostych podokiennikach i zwie\u0144czone prostymi nadokiennikami. Okna do\u015bwietlaj\u0105ce piwnice s\u0105 mniejsze, kwadratowe, zabezpieczone dekoracyjnymi kratami.<\/p>\n\n\n\n<p>Pa\u0142ac posiada reprezentacyjn\u0105 bram\u0119 wjazdow\u0105 na osi pa\u0142acu, kt\u00f3rej projekt wykona\u0142 osobi\u015bcie ksi\u0105\u017c\u0119 Henryk VII. Umieszczono na niej stoj\u0105ce na tylnych \u0142apach lwy, kt\u00f3re trzymaj\u0105 herby ksi\u0119cia Henryka VII i jego ma\u0142\u017conki ksi\u0119\u017cnej Marii Aleksandriny oraz dwie daty 1876 i 1901 rok.<\/p>\n\n\n\n<p>W&nbsp;latach&nbsp;30. XIX&nbsp;w. za\u0142o\u017cono park krajobrazowy, wykorzystuj\u0105c wcze\u015bniejszy, pochodz\u0105cy prawdopodobnie z&nbsp;XVII&nbsp;w. Autorem projektu by\u0142 Paul Lorenz z&nbsp;Zwickau.&nbsp;<\/p>\n\n\n\n<figure class=\"wp-block-image size-full\"><img loading=\"lazy\" decoding=\"async\" width=\"850\" height=\"592\" src=\"https:\/\/poborski.eu\/wp-content\/uploads\/2025\/04\/trzebiechow-4-1.webp\" alt=\"\" class=\"wp-image-1313\" srcset=\"https:\/\/poborski.eu\/wp-content\/uploads\/2025\/04\/trzebiechow-4-1.webp 850w, https:\/\/poborski.eu\/wp-content\/uploads\/2025\/04\/trzebiechow-4-1-300x209.webp 300w, https:\/\/poborski.eu\/wp-content\/uploads\/2025\/04\/trzebiechow-4-1-768x535.webp 768w\" sizes=\"(max-width: 850px) 100vw, 850px\" \/><figcaption class=\"wp-element-caption\"><em><sup><em><em>zdj\u0119cia  &#8211;  D,Poborski<\/em><\/em><\/sup><\/em><\/figcaption><\/figure>\n\n\n\n<p>W&nbsp;1943&nbsp;r. dobra trzebiechowskie przej\u0119li ksi\u0105\u017c\u0119ta Bentheim-Tecklenburg. Po II&nbsp;wojnie \u015bwiatowej maj\u0105tek upa\u0144stwowiono. Do ko\u0144ca lat&nbsp;60. XX&nbsp;w. pa\u0142ac by\u0142 opuszczony. W&nbsp;latach 1970-1984 zosta\u0142 zaadaptowany na szko\u0142\u0119 i&nbsp;t\u0119 funkcje pe\u0142ni do dzisiaj.<\/p>\n\n\n\n<p>zobacz:&nbsp;<a href=\"https:\/\/zabytek.pl\/pl\/obiekty\/g-232876\/dokumenty\/PL.1.9.ZIPOZ.NID_N_08_EN.250779\/1\"><strong>KARTA EWIDENCYJNA ZABYTKU<\/strong><\/a><\/p>\n\n\n\n<figure class=\"wp-block-image\"><img decoding=\"async\" src=\"https:\/\/zabytek.pl\/public\/upload\/docs_pages\/zoom\/6180c835538ae.jpg?v=1635829816\" alt=\"\"\/><\/figure>\n\n\n\n<div style=\"border: 1px solid black; background-color: white; max-width: 550px; padding: 10px; font-size: 12px; font-family: Arial, sans-serif;\">\n    <p>styl architektoniczny: <b>neorenesans<\/b><\/p>\n    <p>architekci: <b>Wiktor Rumpelmayer<\/b> <a href=\"https:\/\/poborskid.wordpress.com\/2023\/06\/27\/architekci\/\" target=\"_blank\"><\/a><\/p>\n    <p>budowa : <b>1876-1880 (1901)<\/b><\/p>\n<p>przebudowa : <b>od 1856-1965 r.<\/b><\/p>\n       <p>dost\u0119pno\u015b\u0107 obiektu: <b>dost\u0119pny<\/b><\/p>\n    <p>Forma ochrony: <b> Rejestr zabytk\u00f3w, Ewidencja zabytk\u00f3w <\/b>\n<b>PL.1.9.ZIPOZ.NID_N_08_BK.29711, PL.1.9.ZIPOZ.NID_E_08_BK.108886<\/b><\/p>\n   \n    <p>lokalizacja: <b>52\u00b001\u203220\u2033N 15\u00b044\u203210\u2033E<\/b><\/p>\n<\/div>\n\n\n\n<p><strong>linki:<\/strong><\/p>\n\n\n\n<ul class=\"wp-block-list\">\n<li><a href=\"https:\/\/trzebiechow.pl\/cms\/1683\/palac_z_parkiem_na_sprzedaz\">https:\/\/trzebiechow.pl\/cms\/1683\/palac_z_parkiem_na_sprzedaz<\/a><\/li>\n\n\n\n<li><a href=\"https:\/\/zabytek.pl\/pl\/obiekty\/g-232876\">https:\/\/zabytek.pl\/pl\/obiekty\/g-232876<\/a><\/li>\n<\/ul>\n\n\n\n<figure class=\"wp-block-image size-full\"><img loading=\"lazy\" decoding=\"async\" width=\"1000\" height=\"594\" src=\"https:\/\/poborski.eu\/wp-content\/uploads\/2025\/04\/trzebiechow-2-1aaa.webp\" alt=\"\" class=\"wp-image-1318\" srcset=\"https:\/\/poborski.eu\/wp-content\/uploads\/2025\/04\/trzebiechow-2-1aaa.webp 1000w, https:\/\/poborski.eu\/wp-content\/uploads\/2025\/04\/trzebiechow-2-1aaa-300x178.webp 300w, https:\/\/poborski.eu\/wp-content\/uploads\/2025\/04\/trzebiechow-2-1aaa-768x456.webp 768w\" sizes=\"(max-width: 1000px) 100vw, 1000px\" \/><\/figure>\n\n\n\n<figure class=\"wp-block-image size-full\"><img loading=\"lazy\" decoding=\"async\" width=\"1000\" height=\"578\" src=\"https:\/\/poborski.eu\/wp-content\/uploads\/2025\/04\/trzebiechow-2-1aaaa.webp\" alt=\"\" class=\"wp-image-1321\" srcset=\"https:\/\/poborski.eu\/wp-content\/uploads\/2025\/04\/trzebiechow-2-1aaaa.webp 1000w, https:\/\/poborski.eu\/wp-content\/uploads\/2025\/04\/trzebiechow-2-1aaaa-300x173.webp 300w, https:\/\/poborski.eu\/wp-content\/uploads\/2025\/04\/trzebiechow-2-1aaaa-768x444.webp 768w\" sizes=\"(max-width: 1000px) 100vw, 1000px\" \/><\/figure>\n\n\n\n<p><\/p>\n","protected":false},"excerpt":{"rendered":"<p>[niem. Trebschen] Trzebiech\u00f3w &#8211; wie\u015b w Polsce po\u0142o\u017cona w wojew\u00f3dztwie lubuskim, w powiecie zielonog\u00f3rskim, w gminie Trzebiech\u00f3w. Dobra rycerskie w&nbsp;Trzebiechowie od 1442&nbsp;r. do 1724&nbsp;r. nale\u017ca\u0142y do rodu von Troschke. Z&nbsp;ich inicjatywy, pod koniec XVI lub na pocz\u0105tku XVII&nbsp;w., wzniesiono pi\u0119trowy, kamienno-ceglany dw\u00f3r. W&nbsp;1765&nbsp;r. maj\u0105tek przeszed\u0142 w&nbsp;r\u0119ce ksi\u0105\u017c\u0119cego rodu von Reuss. &nbsp; Trzebiechowski Zesp\u00f3\u0142 pa\u0142acowo-parkowy&nbsp;w obecnym [&hellip;]<\/p>\n","protected":false},"author":2,"featured_media":1313,"comment_status":"open","ping_status":"open","sticky":false,"template":"","format":"standard","meta":{"footnotes":""},"categories":[6],"tags":[621,399,486,517,540],"class_list":["post-1310","post","type-post","status-publish","format-standard","has-post-thumbnail","hentry","category-zamki-i-palace","tag-paul-lorenz-z-zwickau-2","tag-trzebiechow","tag-von-reuss","tag-von-troschke","tag-wiktor-rumpelmayer"],"_links":{"self":[{"href":"https:\/\/poborski.eu\/index.php?rest_route=\/wp\/v2\/posts\/1310","targetHints":{"allow":["GET"]}}],"collection":[{"href":"https:\/\/poborski.eu\/index.php?rest_route=\/wp\/v2\/posts"}],"about":[{"href":"https:\/\/poborski.eu\/index.php?rest_route=\/wp\/v2\/types\/post"}],"author":[{"embeddable":true,"href":"https:\/\/poborski.eu\/index.php?rest_route=\/wp\/v2\/users\/2"}],"replies":[{"embeddable":true,"href":"https:\/\/poborski.eu\/index.php?rest_route=%2Fwp%2Fv2%2Fcomments&post=1310"}],"version-history":[{"count":3,"href":"https:\/\/poborski.eu\/index.php?rest_route=\/wp\/v2\/posts\/1310\/revisions"}],"predecessor-version":[{"id":1322,"href":"https:\/\/poborski.eu\/index.php?rest_route=\/wp\/v2\/posts\/1310\/revisions\/1322"}],"wp:featuredmedia":[{"embeddable":true,"href":"https:\/\/poborski.eu\/index.php?rest_route=\/wp\/v2\/media\/1313"}],"wp:attachment":[{"href":"https:\/\/poborski.eu\/index.php?rest_route=%2Fwp%2Fv2%2Fmedia&parent=1310"}],"wp:term":[{"taxonomy":"category","embeddable":true,"href":"https:\/\/poborski.eu\/index.php?rest_route=%2Fwp%2Fv2%2Fcategories&post=1310"},{"taxonomy":"post_tag","embeddable":true,"href":"https:\/\/poborski.eu\/index.php?rest_route=%2Fwp%2Fv2%2Ftags&post=1310"}],"curies":[{"name":"wp","href":"https:\/\/api.w.org\/{rel}","templated":true}]}}