{"id":1356,"date":"2025-04-01T12:28:33","date_gmt":"2025-04-01T12:28:33","guid":{"rendered":"http:\/\/poborski.eu\/?p=1356"},"modified":"2025-04-01T12:40:13","modified_gmt":"2025-04-01T12:40:13","slug":"palac-szczyty","status":"publish","type":"post","link":"https:\/\/poborski.eu\/?p=1356","title":{"rendered":"Pa\u0142ac Szczyty"},"content":{"rendered":"\n<p>[niem. Tscheidt]<\/p>\n\n\n\n<p>Szczyty \u2013 wie\u015b w Polsce po\u0142o\u017cona w wojew\u00f3dztwie opolskim, w powiecie g\u0142ubczyckim, w gminie Babor\u00f3w.<\/p>\n\n\n\n<p>Maj\u0105tek w Szczytach od 1611 r. by\u0142 w r\u0119kach rodziny von Hauenschild. Do rodziny tej nale\u017ca\u0142 r\u00f3wnie\u017c maj\u0105tek rycerski Jastrz\u0119bie.<\/p>\n\n\n\n<p>od XVII w. nale\u017ca\u0142 do rodziny von Lippa. W XIX w. przeszed\u0142 w r\u0119ce Adolfa Spiller von Hauenschild jako posag \u017cony de domo von Lippa. W r\u0119kach tego rodu maj\u0105tek zapewne pozosta\u0142 do 1945, gdy zosta\u0142 upa\u0144stwowiony. Obecnie powoli niszczeje. Wewn\u0105trz widoczne s\u0105 \u015blady przerwanego remontu. Pa\u0142ac prawdopodobnie jest w\u0142asno\u015bci\u0105 prywatn\u0105 jednak nie prowadzone s\u0105 obecnie \u017cadne prace remontowe lub zabezpieczaj\u0105ce.<\/p>\n\n\n\n<figure class=\"wp-block-image size-full\"><img fetchpriority=\"high\" decoding=\"async\" width=\"900\" height=\"729\" src=\"https:\/\/poborski.eu\/wp-content\/uploads\/2025\/04\/szczyty-8.webp\" alt=\"\" class=\"wp-image-1366\" srcset=\"https:\/\/poborski.eu\/wp-content\/uploads\/2025\/04\/szczyty-8.webp 900w, https:\/\/poborski.eu\/wp-content\/uploads\/2025\/04\/szczyty-8-300x243.webp 300w, https:\/\/poborski.eu\/wp-content\/uploads\/2025\/04\/szczyty-8-768x622.webp 768w\" sizes=\"(max-width: 900px) 100vw, 900px\" \/><figcaption class=\"wp-element-caption\"><em><sup>zdj\u0119cia:\u00a0D.Poborski<\/sup><\/em><\/figcaption><\/figure>\n\n\n\n<p>Klasycystyczny pa\u0142ac z 2 po\u0142. XIX w. Budynek pa\u0142acu jest murowany, wzniesiono go na planie prostok\u0105ta. Jest cz\u0119\u015bciowo podpiwniczony, dwukondygnacyjny, nakrywa go dach dwuspadowy. Fasad\u0119 wzbogaca u\u0142o\u017cony na osi, dwukondygnacyjny ganek zwie\u0144czony tympanonem. Na elewacji tylnej mie\u015bci si\u0119 analogiczny, uszkodzony ganek, wsparty na czterech filarach przechodz\u0105cych w taras. Na osi budynku i tarasu widoczne jest du\u017ce, \u0142ukowato sklepione, witra\u017cowe okno do\u015bwietlaj\u0105ce klatk\u0119 schodow\u0105. Okno ma zachowany ciekawy uk\u0142ad szpros\u00f3w. Na jednej z elewacji bocznych r\u00f3wnie\u017c usytuowano balkon wsparty na filarach. Elewacje s\u0105 ozdobione boniowaniem, gzymsami i opaskami okiennymi z prostymi nadokiennikami. Uk\u0142ad wn\u0119trz jest dwutraktowy, z korytarzem pomi\u0119dzy traktami i centralnie po\u0142o\u017con\u0105 sieni\u0105, z kt\u00f3rej wychodzi klatka schodowa.<\/p>\n\n\n\n<figure class=\"wp-block-image size-full\"><img decoding=\"async\" width=\"900\" height=\"675\" src=\"https:\/\/poborski.eu\/wp-content\/uploads\/2025\/04\/szczyty-10.webp\" alt=\"\" class=\"wp-image-1368\" srcset=\"https:\/\/poborski.eu\/wp-content\/uploads\/2025\/04\/szczyty-10.webp 900w, https:\/\/poborski.eu\/wp-content\/uploads\/2025\/04\/szczyty-10-300x225.webp 300w, https:\/\/poborski.eu\/wp-content\/uploads\/2025\/04\/szczyty-10-768x576.webp 768w\" sizes=\"(max-width: 900px) 100vw, 900px\" \/><figcaption class=\"wp-element-caption\"><em><sup>zdj\u0119cia:\u00a0D.Poborski<\/sup><\/em><\/figcaption><\/figure>\n\n\n\n<p>Park krajobrazowy z XIX w. z dominuj\u0105cym li\u015bciastym drzewostanem \u2013 na szczeg\u00f3ln\u0105 uwag\u0119 zas\u0142uguje platan. Cz\u0119\u015bciowo zachowane i opuszczone budynki mieszkalne- pozosta\u0142o\u015bci dawnego folwarku.<\/p>\n\n\n\n<figure class=\"wp-block-image size-full\"><img decoding=\"async\" width=\"900\" height=\"675\" src=\"https:\/\/poborski.eu\/wp-content\/uploads\/2025\/04\/szczyty-9.webp\" alt=\"\" class=\"wp-image-1367\" srcset=\"https:\/\/poborski.eu\/wp-content\/uploads\/2025\/04\/szczyty-9.webp 900w, https:\/\/poborski.eu\/wp-content\/uploads\/2025\/04\/szczyty-9-300x225.webp 300w, https:\/\/poborski.eu\/wp-content\/uploads\/2025\/04\/szczyty-9-768x576.webp 768w\" sizes=\"(max-width: 900px) 100vw, 900px\" \/><figcaption class=\"wp-element-caption\"><em><sup>zdj\u0119cia:\u00a0D.Poborski<\/sup><\/em><\/figcaption><\/figure>\n\n\n\n<p>Po wojnie maj\u0105tek nale\u017ca\u0142 do Nadle\u015bnictwa Rudy Raciborskie. W 1978 pa\u0142ac z ca\u0142ym otoczeniem przeszed\u0142 na w\u0142asno\u015b\u0107 PSS. W 1988 r, zosta\u0142 przekazany Gminie Babor\u00f3w by w 1989 r. maj\u0105tek zosta\u0142 sprzedany:<\/p>\n\n\n\n<p>1989 r. \u2013 A, Koc<\/p>\n\n\n\n<p>1993 r. \u2013 L. D\u0142ugosz<\/p>\n\n\n\n<div style=\"border: 1px solid black; background-color: white; max-width: 550px; padding: 10px; font-size: 12px; font-family: Arial, sans-serif;\">\n    <p>styl architektoniczny: <b>klasycystyczny<\/b><\/p>\n    <p>architekci: <b>Carl Heidenreich<\/b> <a href=\"https:\/\/poborskid.wordpress.com\/2023\/06\/27\/architekci\/\" target=\"_blank\"><\/a><\/p>\n    <p>budowa : <b>2 po\u0142owa XIX w.<\/b><\/p>\n<p>przebudowa : <b>od 1872-1874 r.<\/b><\/p>\n       <p>dost\u0119pno\u015b\u0107 obiektu: <b>dost\u0119pny<\/b><\/p>\n    <p>Forma ochrony: <b> Rejestr zabytk\u00f3w, Ewidencja zabytk\u00f3w <\/b>\n<b>nr rej.: pa\u0142ac 2188\/88\/91 \/ park (nr rej.: 292\/93<\/b><\/p>\n   \n    <p>lokalizacja: <b>50\u00b010\u203217\u2033N 18\u00b002\u203250\u2033E<\/b><\/p>\n<\/div>\n\n\n\n<figure class=\"wp-block-image size-full\"><img loading=\"lazy\" decoding=\"async\" width=\"900\" height=\"853\" src=\"https:\/\/poborski.eu\/wp-content\/uploads\/2025\/04\/szczyty-3.webp\" alt=\"\" class=\"wp-image-1361\" srcset=\"https:\/\/poborski.eu\/wp-content\/uploads\/2025\/04\/szczyty-3.webp 900w, https:\/\/poborski.eu\/wp-content\/uploads\/2025\/04\/szczyty-3-300x284.webp 300w, https:\/\/poborski.eu\/wp-content\/uploads\/2025\/04\/szczyty-3-768x728.webp 768w\" sizes=\"(max-width: 900px) 100vw, 900px\" \/><figcaption class=\"wp-element-caption\"><em><sup>zdj\u0119cia:\u00a0D.Poborski<\/sup><\/em><\/figcaption><\/figure>\n\n\n\n<p><\/p>\n\n\n\n<p>zobacz:&nbsp;<strong><a href=\"https:\/\/zabytek.pl\/pl\/obiekty\/g-272717\/dokumenty\/PL.1.9.ZIPOZ.NID_N_16_EN.61825\/1\">KARTA EWIDENCYJNA ZABYTKU<\/a><\/strong><\/p>\n\n\n\n<figure class=\"wp-block-image\"><a href=\"https:\/\/zabytek.pl\/pl\/obiekty\/g-272717\/dokumenty\/PL.1.9.ZIPOZ.NID_N_16_EN.61825\/1\"><img decoding=\"async\" src=\"https:\/\/poborskid.wordpress.com\/wp-content\/uploads\/2023\/07\/szczytykarta.jpg?w=880\" alt=\"\" class=\"wp-image-1461\"\/><\/a><\/figure>\n\n\n\n<figure class=\"wp-block-image\"><img decoding=\"async\" src=\"https:\/\/poborskid.wordpress.com\/wp-content\/uploads\/2023\/07\/szczytykarta1.jpg?w=510\" alt=\"\" class=\"wp-image-1462\"\/><\/figure>\n\n\n\n<p><strong>linki:<\/strong><\/p>\n\n\n\n<ul class=\"wp-block-list\">\n<li><a href=\"https:\/\/sokoliszlak.cba.pl\/?page_id=6893\">https:\/\/sokoliszlak.cba.pl\/?page_id=6893<\/a><\/li>\n\n\n\n<li><a href=\"http:\/\/www.polskaniezwykla.pl\/web\/place\/30581,szczyty-neoklasyczny-palac-i-park-krajobrazowy-z-konca-xix-wieku.html\">http:\/\/www.polskaniezwykla.pl\/web\/place\/30581,szczyty-neoklasyczny-palac-i-park-krajobrazowy-z-konca-xix-wieku.html<\/a><\/li>\n\n\n\n<li><a href=\"https:\/\/www.polskiezabytki.pl\/m\/obiekt\/4283\/Szczyty\/\">https:\/\/www.polskiezabytki.pl\/m\/obiekt\/4283\/Szczyty\/<\/a><\/li>\n<\/ul>\n\n\n\n<!-- Final Tiles Grid Gallery for WordPress v3.6.4 free --><style>#ftg-2323 .tile .icon { color:#ffffff; }#ftg-2323 .ftg-items .loading-bar i { background:#666; }#ftg-2323 .ftg-items .loading-bar { background:#fff; }#ftg-2323 .tile .icon { font-size:12px; }#ftg-2323 .tile .icon { margin: -6px 0 0 -6px; }#ftg-2323 .tile .caption-block .text-wrapper span.text { font-size:12px; }#ftg-2323 .tile .caption-outside .text-wrapper span.text { font-size:12px; }#ftg-2323 .tile .caption-block .text-wrapper span.title { font-size:14px; }#ftg-2323 .tile .caption-outside .text-wrapper span.title { font-size:14px; }#ftg-2323 .tile { background-color: transparent; }#ftg-2323 .tile .caption-block .text-wrapper span.text { color: #ffffff; }#ftg-2323 .tile .caption-block .text-wrapper span.title { color: #ffffff; }#ftg-2323 .tile .caption-outside .text-wrapper span.text { color: #ffffff; }#ftg-2323 .tile .caption-outside .text-wrapper span.title { color: #ffffff; }#ftg-2323 .tile .ftg-social a { color: #ffffff; }#ftg-2323 .tile .caption-block { transition-timing-function:linear; }#ftg-2323 .tile .caption-block { transition-duration:0.25s; }#ftg-2323 .tile .tile-inner:before { background-color: #000000; }#ftg-2323 .tile .tile-inner:before { background-color: rgba(0, 0, 0, 0.8); }<\/style><a name=\"23\"><\/a><div class=\"final-tiles-gallery  ftg-hover-enabled caption-inside  caption-none caption-middle caption-center\" id=\"ftg-2323\" style=\"width: 100%\"><div class='ftg-items'><div class='loading-bar'><i><\/i><\/div><div  class='tile ftg-preload  '><a title=\"\" data-lightbox='ftg-2323' rel='ftg-2323'  class=' tile-inner  ftg-lightbox' href='https:\/\/poborski.eu\/wp-content\/uploads\/2025\/04\/szczyty-1.webp' ><img alt='' class='item skip-lazy' data-class='item' data-ftg-source='http:\/\/poborski.eu\/wp-content\/uploads\/2025\/04\/szczyty-1.webp' src='http:\/\/poborski.eu\/wp-content\/uploads\/2025\/04\/szczyty-1.webp' width='900' height='678' \/><span class='icon fa fa-zoom'><\/span><div class='caption-block'><\/div><\/a><div class='ftg-social'><\/div><\/div><div  class='tile ftg-preload  '><a title=\"\" data-lightbox='ftg-2323' rel='ftg-2323'  class=' tile-inner  ftg-lightbox' href='https:\/\/poborski.eu\/wp-content\/uploads\/2025\/04\/szczyty-3.webp' ><img alt='' class='item skip-lazy' data-class='item' data-ftg-source='http:\/\/poborski.eu\/wp-content\/uploads\/2025\/04\/szczyty-3.webp' src='http:\/\/poborski.eu\/wp-content\/uploads\/2025\/04\/szczyty-3.webp' width='900' height='853' \/><span class='icon fa fa-zoom'><\/span><div class='caption-block'><\/div><\/a><div class='ftg-social'><\/div><\/div><div  class='tile ftg-preload  '><a title=\"\" data-lightbox='ftg-2323' rel='ftg-2323'  class=' tile-inner  ftg-lightbox' href='https:\/\/poborski.eu\/wp-content\/uploads\/2025\/04\/szczyty-6-1.webp' ><img alt='' class='item skip-lazy' data-class='item' data-ftg-source='http:\/\/poborski.eu\/wp-content\/uploads\/2025\/04\/szczyty-6-1.webp' src='http:\/\/poborski.eu\/wp-content\/uploads\/2025\/04\/szczyty-6-1.webp' width='768' height='476' \/><span class='icon fa fa-zoom'><\/span><div class='caption-block'><\/div><\/a><div class='ftg-social'><\/div><\/div><div  class='tile ftg-preload  '><a title=\"\" data-lightbox='ftg-2323' rel='ftg-2323'  class=' tile-inner  ftg-lightbox' href='https:\/\/poborski.eu\/wp-content\/uploads\/2025\/04\/szczyty-7.webp' ><img alt='' class='item skip-lazy' data-class='item' data-ftg-source='http:\/\/poborski.eu\/wp-content\/uploads\/2025\/04\/szczyty-7.webp' src='http:\/\/poborski.eu\/wp-content\/uploads\/2025\/04\/szczyty-7.webp' width='900' height='675' \/><span class='icon fa fa-zoom'><\/span><div class='caption-block'><\/div><\/a><div class='ftg-social'><\/div><\/div><div  class='tile ftg-preload  '><a title=\"\" data-lightbox='ftg-2323' rel='ftg-2323'  class=' tile-inner  ftg-lightbox' href='https:\/\/poborski.eu\/wp-content\/uploads\/2025\/04\/szczyty-8.webp' ><img alt='' class='item skip-lazy' data-class='item' data-ftg-source='http:\/\/poborski.eu\/wp-content\/uploads\/2025\/04\/szczyty-8.webp' src='http:\/\/poborski.eu\/wp-content\/uploads\/2025\/04\/szczyty-8.webp' width='900' height='729' \/><span class='icon fa fa-zoom'><\/span><div class='caption-block'><\/div><\/a><div class='ftg-social'><\/div><\/div><div  class='tile ftg-preload  '><a title=\"\" data-lightbox='ftg-2323' rel='ftg-2323'  class=' tile-inner  ftg-lightbox' href='https:\/\/poborski.eu\/wp-content\/uploads\/2025\/04\/szczyty-9.webp' ><img alt='' class='item skip-lazy' data-class='item' data-ftg-source='http:\/\/poborski.eu\/wp-content\/uploads\/2025\/04\/szczyty-9.webp' src='http:\/\/poborski.eu\/wp-content\/uploads\/2025\/04\/szczyty-9.webp' width='900' height='675' \/><span class='icon fa fa-zoom'><\/span><div class='caption-block'><\/div><\/a><div class='ftg-social'><\/div><\/div><div  class='tile ftg-preload  '><a title=\"\" data-lightbox='ftg-2323' rel='ftg-2323'  class=' tile-inner  ftg-lightbox' href='https:\/\/poborski.eu\/wp-content\/uploads\/2025\/04\/szczyty-10.webp' ><img alt='' class='item skip-lazy' data-class='item' data-ftg-source='http:\/\/poborski.eu\/wp-content\/uploads\/2025\/04\/szczyty-10.webp' src='http:\/\/poborski.eu\/wp-content\/uploads\/2025\/04\/szczyty-10.webp' width='900' height='675' \/><span class='icon fa fa-zoom'><\/span><div class='caption-block'><\/div><\/a><div class='ftg-social'><\/div><\/div><div  class='tile ftg-preload  '><a title=\"\" data-lightbox='ftg-2323' rel='ftg-2323'  class=' tile-inner  ftg-lightbox' href='https:\/\/poborski.eu\/wp-content\/uploads\/2025\/04\/szczyty-11.webp' ><img alt='' class='item skip-lazy' data-class='item' data-ftg-source='http:\/\/poborski.eu\/wp-content\/uploads\/2025\/04\/szczyty-11.webp' src='http:\/\/poborski.eu\/wp-content\/uploads\/2025\/04\/szczyty-11.webp' width='900' height='675' \/><span class='icon fa fa-zoom'><\/span><div class='caption-block'><\/div><\/a><div class='ftg-social'><\/div><\/div><div  class='tile ftg-preload  '><a title=\"\" data-lightbox='ftg-2323' rel='ftg-2323'  class=' tile-inner  ftg-lightbox' href='https:\/\/poborski.eu\/wp-content\/uploads\/2025\/04\/szczyty-5.webp' ><img alt='' class='item skip-lazy' data-class='item' data-ftg-source='http:\/\/poborski.eu\/wp-content\/uploads\/2025\/04\/szczyty-5.webp' src='http:\/\/poborski.eu\/wp-content\/uploads\/2025\/04\/szczyty-5.webp' width='900' height='680' \/><span class='icon fa fa-zoom'><\/span><div class='caption-block'><\/div><\/a><div class='ftg-social'><\/div><\/div><\/div><\/div>\n\n\n\n<p><em><sup>zdj\u0119cia:\u00a0D.Poborski<\/sup><\/em><\/p>\n","protected":false},"excerpt":{"rendered":"<p>[niem. Tscheidt] Szczyty \u2013 wie\u015b w Polsce po\u0142o\u017cona w wojew\u00f3dztwie opolskim, w powiecie g\u0142ubczyckim, w gminie Babor\u00f3w. Maj\u0105tek w Szczytach od 1611 r. by\u0142 w r\u0119kach rodziny von Hauenschild. Do rodziny tej nale\u017ca\u0142 r\u00f3wnie\u017c maj\u0105tek rycerski Jastrz\u0119bie. od XVII w. nale\u017ca\u0142 do rodziny von Lippa. W XIX w. przeszed\u0142 w r\u0119ce Adolfa Spiller von Hauenschild [&hellip;]<\/p>\n","protected":false},"author":2,"featured_media":1369,"comment_status":"open","ping_status":"open","sticky":false,"template":"","format":"standard","meta":{"footnotes":""},"categories":[6],"tags":[623,622,389,449,465],"class_list":["post-1356","post","type-post","status-publish","format-standard","has-post-thumbnail","hentry","category-zamki-i-palace","tag-dlugosz","tag-koc","tag-szczyty","tag-von-hauenschild","tag-von-lippa"],"_links":{"self":[{"href":"https:\/\/poborski.eu\/index.php?rest_route=\/wp\/v2\/posts\/1356","targetHints":{"allow":["GET"]}}],"collection":[{"href":"https:\/\/poborski.eu\/index.php?rest_route=\/wp\/v2\/posts"}],"about":[{"href":"https:\/\/poborski.eu\/index.php?rest_route=\/wp\/v2\/types\/post"}],"author":[{"embeddable":true,"href":"https:\/\/poborski.eu\/index.php?rest_route=\/wp\/v2\/users\/2"}],"replies":[{"embeddable":true,"href":"https:\/\/poborski.eu\/index.php?rest_route=%2Fwp%2Fv2%2Fcomments&post=1356"}],"version-history":[{"count":5,"href":"https:\/\/poborski.eu\/index.php?rest_route=\/wp\/v2\/posts\/1356\/revisions"}],"predecessor-version":[{"id":1376,"href":"https:\/\/poborski.eu\/index.php?rest_route=\/wp\/v2\/posts\/1356\/revisions\/1376"}],"wp:featuredmedia":[{"embeddable":true,"href":"https:\/\/poborski.eu\/index.php?rest_route=\/wp\/v2\/media\/1369"}],"wp:attachment":[{"href":"https:\/\/poborski.eu\/index.php?rest_route=%2Fwp%2Fv2%2Fmedia&parent=1356"}],"wp:term":[{"taxonomy":"category","embeddable":true,"href":"https:\/\/poborski.eu\/index.php?rest_route=%2Fwp%2Fv2%2Fcategories&post=1356"},{"taxonomy":"post_tag","embeddable":true,"href":"https:\/\/poborski.eu\/index.php?rest_route=%2Fwp%2Fv2%2Ftags&post=1356"}],"curies":[{"name":"wp","href":"https:\/\/api.w.org\/{rel}","templated":true}]}}