{"id":1377,"date":"2025-04-01T15:01:41","date_gmt":"2025-04-01T15:01:41","guid":{"rendered":"http:\/\/poborski.eu\/?p=1377"},"modified":"2025-05-13T20:14:05","modified_gmt":"2025-05-13T20:14:05","slug":"palac-w-dobrocinie","status":"publish","type":"post","link":"https:\/\/poborski.eu\/?p=1377","title":{"rendered":"Pa\u0142ac w Dobrocinie"},"content":{"rendered":"\n<p>[niem. G\u00fcttmannsdorf]<\/p>\n\n\n\n<p>Pa\u0142ac po\u0142o\u017cony jest w Dobrocinie \u2013 wsi w Polsce, w wojew\u00f3dztwie dolno\u015bl\u0105skim, w powiecie dzier\u017coniowskim, w gminie Dzier\u017coni\u00f3w, na skraju Kotliny Dzier\u017coniowskiej, u podn\u00f3\u017cy Wzg\u00f3rz Gumi\u0144skich. <\/p>\n\n\n\n<div class=\"wp-block-group is-nowrap is-layout-flex wp-container-core-group-is-layout-6c531013 wp-block-group-is-layout-flex\">\n<p>Pa\u0142ac zosta\u0142 wzniesiony pod koniec XVIII wieku, przebudowany w latach 1898-1899 i w 1909 roku. Obecnie w\u0142asno\u015b\u0107 prywatna, jednak pa\u0142ac nie jest u\u017cytkowany.<\/p>\n\n\n\n<figure class=\"wp-block-image alignright size-full is-resized\"><img decoding=\"async\" width=\"120\" height=\"120\" src=\"https:\/\/poborski.eu\/wp-content\/uploads\/2025\/04\/ikona_sptotext.webp\" alt=\"\" class=\"wp-image-1554\" style=\"width:76px;height:auto\"\/><\/figure>\n<\/div>\n\n\n\n<figure class=\"wp-block-audio\"><audio controls src=\"https:\/\/poborski.eu\/wp-content\/uploads\/2025\/04\/Dobrocin.mp3\"><\/audio><\/figure>\n\n\n\n<p>Pierwsza wzmianka na temat wsi, zapisanej jako Gytchwini pochodzi z pocz\u0105tku XIV wieku (1305) w ksi\u0119dze uposa\u017ce\u0144 biskupa<br>wroc\u0142awskiego. <\/p>\n\n\n\n<figure class=\"wp-block-image size-full\"><img fetchpriority=\"high\" decoding=\"async\" width=\"900\" height=\"528\" src=\"https:\/\/poborski.eu\/wp-content\/uploads\/2025\/04\/dobrocinb.jpg\" alt=\"\" class=\"wp-image-1381\" srcset=\"https:\/\/poborski.eu\/wp-content\/uploads\/2025\/04\/dobrocinb.jpg 900w, https:\/\/poborski.eu\/wp-content\/uploads\/2025\/04\/dobrocinb-300x176.jpg 300w, https:\/\/poborski.eu\/wp-content\/uploads\/2025\/04\/dobrocinb-768x451.jpg 768w\" sizes=\"(max-width: 900px) 100vw, 900px\" \/><\/figure>\n\n\n\n<p>Pierwsza wzmianka na temat wsi, zapisanej jako Gytchwini pochodzi z pocz\u0105tku XIV wieku (1305) w ksi\u0119dze uposa\u017ce\u0144 biskupa<br>wroc\u0142awskiego. Pocz\u0105tkowo by\u0142a w\u0142asno\u015bci\u0105 klasztorn\u0105, p\u00f3\u017aniej templariuszy. U schy\u0142ku XV wieku miejscowo\u015b\u0107 znalaz\u0142a si\u0119 w r\u0119kach<br>Friedricha Hobera, a nast\u0119pnie w XVI i XVII wieku wie\u015b nale\u017ca\u0142a do rodziny von Bock. Maj\u0105tek w XVIII wieku przeszed\u0142 w r\u0119ce baron\u00f3w<br>von Seherr-Thoss. W roku 1897 wie\u015b przesz\u0142a w r\u0119ce Kuno von Portatiusa \u2013 cesarskiego radcy poselstwa w Szwecji.<\/p>\n\n\n\n<figure class=\"wp-block-image size-full\"><img decoding=\"async\" width=\"900\" height=\"675\" src=\"https:\/\/poborski.eu\/wp-content\/uploads\/2025\/04\/palac-w-dobrocinie-8-1.webp\" alt=\"\" class=\"wp-image-1388\" srcset=\"https:\/\/poborski.eu\/wp-content\/uploads\/2025\/04\/palac-w-dobrocinie-8-1.webp 900w, https:\/\/poborski.eu\/wp-content\/uploads\/2025\/04\/palac-w-dobrocinie-8-1-300x225.webp 300w, https:\/\/poborski.eu\/wp-content\/uploads\/2025\/04\/palac-w-dobrocinie-8-1-768x576.webp 768w\" sizes=\"(max-width: 900px) 100vw, 900px\" \/><figcaption class=\"wp-element-caption\"><sup>zdj\u0119cia:&nbsp;<em>D.Poborski<\/em><\/sup><\/figcaption><\/figure>\n\n\n\n<p>W XIX wieku odnotowano w Dobrocinie 109 dom\u00f3w i 881 mieszka\u0144c\u00f3w, 2 folwarki, m\u0142yn wodny, wiatrak, le\u015bnicz\u00f3wk\u0119, pa\u0142ac<br>oraz ko\u015bci\u00f3\u0142 katolicki.<br>Zabytkowy pa\u0142ac w ca\u0142ej swojej historii wielokrotnie zmienia\u0142 w\u0142a\u015bcicieli.<\/p>\n\n\n\n<p>Pa\u0142ac w Dobrocinie zosta\u0142 wzniesiony pod koniec XVIII wieku. W XVIII w. maj\u0105tek nale\u017ca\u0142 do rodziny baron\u00f3w von Seherr\u2013Thoss. W 1830 r. w\u0142a\u015bcicielem sta\u0142 si\u0119 starszy radca g\u00f3rniczy von Milecky, a od 1845 r. rodzina Moriz\u2013Eichborn. Nast\u0119pnie maj\u0105tek na kr\u00f3tko wr\u00f3ci\u0142 do rodziny von Seherr\u2013Thoss, lecz ju\u017c w lipcu 1897 r. by\u0142y starosta i tajny radca stanu Stanislaus baron von Seherr\u2013Thoss z Wawrze\u0144czyc sprzeda\u0142 go, wraz z pa\u0142acem, Kuno von Portatiusowi, kt\u00f3ry by\u0142 cesarskim radc\u0105 poselstwa w Szwecji. On to w\u0142a\u015bnie gruntownie przebudowa\u0142 pa\u0142ac w latach 1898\u20131899 i najprawdopodobniej wtedy wzniesiono p\u00f3\u0142nocno-wschodnie skrzyd\u0142o. Ostatnia przebudowa mia\u0142a miejsce w 1909 roku, kiedy to w skrzydle p\u00f3\u0142nocno-wschodnim dorobiono dwuosiowy ryzalit.<\/p>\n\n\n\n<figure class=\"wp-block-image size-full\"><img loading=\"lazy\" decoding=\"async\" width=\"763\" height=\"433\" src=\"https:\/\/poborski.eu\/wp-content\/uploads\/2025\/04\/dobrocin.jpg\" alt=\"\" class=\"wp-image-1380\" srcset=\"https:\/\/poborski.eu\/wp-content\/uploads\/2025\/04\/dobrocin.jpg 763w, https:\/\/poborski.eu\/wp-content\/uploads\/2025\/04\/dobrocin-300x170.jpg 300w\" sizes=\"(max-width: 763px) 100vw, 763px\" \/><\/figure>\n\n\n\n<p>Po 1945 roku w zabytku mie\u015bci\u0142y si\u0119 biura, sklep, przedszkole, a cz\u0119\u015b\u0107 pomieszcze\u0144 wykorzystywano jako lokale mieszkalne. W roku 2015 mia\u0142 miejsce po\u017car, kt\u00f3ry zniszczy\u0142 niekt\u00f3re wn\u0119trza.<\/p>\n\n\n\n<p><strong>Obecnie (stan na 2023 r.) pa\u0142ac jest w\u0142asno\u015bci\u0105 prywatn\u0105 osoby fizycznej, ale nie jest u\u017cytkowany i niszczeje.<\/strong><\/p>\n\n\n\n<figure class=\"wp-block-image size-full\"><img loading=\"lazy\" decoding=\"async\" width=\"900\" height=\"837\" src=\"https:\/\/poborski.eu\/wp-content\/uploads\/2025\/04\/palac-w-dobrocinie-6.webp\" alt=\"\" class=\"wp-image-1386\" srcset=\"https:\/\/poborski.eu\/wp-content\/uploads\/2025\/04\/palac-w-dobrocinie-6.webp 900w, https:\/\/poborski.eu\/wp-content\/uploads\/2025\/04\/palac-w-dobrocinie-6-300x279.webp 300w, https:\/\/poborski.eu\/wp-content\/uploads\/2025\/04\/palac-w-dobrocinie-6-768x714.webp 768w\" sizes=\"(max-width: 900px) 100vw, 900px\" \/><figcaption class=\"wp-element-caption\"><sup>zdj\u0119cia:&nbsp;<em>D.Poborski<\/em><\/sup><\/figcaption><\/figure>\n\n\n\n<p>Pa\u0142ac w Dobrocinie zosta\u0142 wzniesiony na planie zbli\u017conym do podkowy, z otwartym dziedzi\u0144cem od p\u00f3\u0142nocnego zachodu. Jest to budowla dwu i trzykondygnacyjna, nakryta dachami czterospadowymi ze \u015bci\u0119tymi wierzcho\u0142kami, z niewielkimi lukarnami i szczytami. G\u0142\u00f3wny korpus frontowej fasady jest siedmioosiowy, z tr\u00f3josiowym pseudoryzalitem zwie\u0144czony schodkowym szczytem, z pi\u0119cioma pilastrami. W pseudoryzalicie znajduje si\u0119 g\u0142\u00f3wne wej\u015bcie, prowadz\u0105ce przez ostro\u0142ukowy portal, flankowany dwoma w\u0105skimi oknami. Wie\u017ca od strony stawu obecnie jest ju\u017c pozbawiona sto\u017ckowego zwie\u0144czenia. W neogotyckim oknie z maswerkiem, w ryzalicie elewacji po\u0142udniowo-zachodniej, od strony staw\u00f3w, znajduje si\u0119 kartusz herbowy rodziny von Portatius.<\/p>\n\n\n\n<figure class=\"wp-block-image size-full\"><img loading=\"lazy\" decoding=\"async\" width=\"675\" height=\"900\" src=\"https:\/\/poborski.eu\/wp-content\/uploads\/2025\/04\/palac-w-dobrocinie-16.webp\" alt=\"\" class=\"wp-image-1395\" srcset=\"https:\/\/poborski.eu\/wp-content\/uploads\/2025\/04\/palac-w-dobrocinie-16.webp 675w, https:\/\/poborski.eu\/wp-content\/uploads\/2025\/04\/palac-w-dobrocinie-16-225x300.webp 225w\" sizes=\"(max-width: 675px) 100vw, 675px\" \/><figcaption class=\"wp-element-caption\"><sup>zdj\u0119cia:&nbsp;<em>D.Poborski<\/em><\/sup><\/figcaption><\/figure>\n\n\n\n<p>Pa\u0142ac jest cz\u0119\u015bci\u0105 zespo\u0142u pa\u0142acowego, w sk\u0142ad kt\u00f3rego wchodz\u0105 jeszcze:<\/p>\n\n\n\n<ul class=\"wp-block-list\">\n<li>park z ko\u0144ca XIX wieku<\/li>\n\n\n\n<li>pochodz\u0105ca z prze\u0142omu XIX\/XX wieku<\/li>\n\n\n\n<li>kaplica pa\u0142acowa w parku zdewastowana w latach 80. XX wieku)<\/li>\n\n\n\n<li>cmentarz rodowy w parku<\/li>\n<\/ul>\n\n\n\n<p>Po II wojnie \u015bwiatowej pa\u0142ac zosta\u0142 upa\u0144stwowiony,<br>dzisiaj podlega pod Agencj\u0119 W\u0142asno\u015bci Rolnej Skarbu Pa\u0144stwa. Sw\u00f3j obecny wygl\u0105d zabytek zawdzi\u0119cza przebudowie w latach 1898 \u2013<br>1899, kiedy to prawdopodobnie rozbudowano skrzyd\u0142o p\u00f3\u0142nocno \u2013 wschodnie. Aktualnie obiekt nieu\u017cytkowany, sukcesywnie pogarsza<br>si\u0119 jego stan techniczny.<\/p>\n\n\n\n<p><\/p>\n\n\n\n<div style=\"border: 1px solid black; background-color: white; max-width: 550px; padding: 10px; font-size: 12px; font-family: Arial, sans-serif;\">\n    <p>styl architektoniczny: <b>neogotyk<\/b><\/p>\n    <p>architekci: <b>Carl Heidenreich<\/b> <a href=\"https:\/\/poborskid.wordpress.com\/2023\/06\/27\/architekci\/\" target=\"_blank\"><\/a><\/p>\n    <p>budowa : <b>XVIII w.<\/b><\/p>\n<p>przebudowa : <b>1898-1899 oraz 1909 r.<\/b><\/p>\n       <p>dost\u0119pno\u015b\u0107 obiektu: <b>niedost\u0119pny\u00a0(stan na 2023 r.)<\/b><\/p>\n    <p>Forma ochrony: <b> Rejestr zabytk\u00f3w, Ewidencja zabytk\u00f3w <\/b>\n<\/p>\n   \n    <p>lokalizacja: <b>50\u00b043\u203254\u2033N 16\u00b042\u203206\u2033E<\/b><\/p>\n<\/div>\n\n\n\n<p>zobacz:&nbsp;<strong><a href=\"https:\/\/zabytek.pl\/pl\/obiekty\/dobrocin-palac-240165\/dokumenty\/PL.1.9.ZIPOZ.NID_N_02_EN.157935\/1\">KARTA EWIDENCYJNA ZABYTKU<\/a><\/strong>&nbsp;oraz&nbsp;<a href=\"https:\/\/zabytek.pl\/pl\/obiekty\/dobrocin-palac-240165\/dokumenty\/PL.1.9.ZIPOZ.NID_N_02_EN.157937\/1\">karta z 1981<\/a><\/p>\n\n\n\n<figure class=\"wp-block-image\"><img decoding=\"async\" src=\"https:\/\/poborskid.wordpress.com\/wp-content\/uploads\/2023\/07\/dobrocinb1.jpg?w=866\" alt=\"\" class=\"wp-image-1504\"\/><\/figure>\n\n\n\n<figure class=\"wp-block-image\"><img decoding=\"async\" src=\"https:\/\/poborskid.wordpress.com\/wp-content\/uploads\/2023\/07\/dobrocinb1a.jpg?w=645\" alt=\"\" class=\"wp-image-1505\"\/><\/figure>\n\n\n\n<figure class=\"wp-block-image\"><a href=\"https:\/\/zabytek.pl\/pl\/obiekty\/dobrocin-palac-240165\/dokumenty\/PL.1.9.ZIPOZ.NID_N_02_EN.157937\/1\"><img decoding=\"async\" src=\"https:\/\/poborskid.wordpress.com\/wp-content\/uploads\/2023\/07\/dobrocinb1aa.jpg?w=843\" alt=\"\" class=\"wp-image-1507\"\/><\/a><\/figure>\n\n\n\n<figure class=\"wp-block-image\"><img decoding=\"async\" src=\"https:\/\/poborskid.wordpress.com\/wp-content\/uploads\/2023\/07\/dobrocinx1.jpg?w=900\" alt=\"\" class=\"wp-image-1515\"\/><figcaption class=\"wp-element-caption\"><sup>zdj\u0119cia:&nbsp;<em>D.Poborski<\/em><\/sup><\/figcaption><\/figure>\n\n\n\n<p><strong>linki:<\/strong><\/p>\n\n\n\n<ul class=\"wp-block-list\">\n<li><a href=\"https:\/\/pl.wikipedia.org\/wiki\/Pa%C5%82ac_w_Dobrocinie\">https:\/\/pl.wikipedia.org\/wiki\/Pa%C5%82ac_w_Dobrocinie<\/a><\/li>\n\n\n\n<li><a href=\"https:\/\/zabytek.pl\/pl\/obiekty\/dobrocin-palac-240165\">https:\/\/zabytek.pl\/pl\/obiekty\/dobrocin-palac-240165<\/a><\/li>\n<\/ul>\n\n\n\n<!-- Final Tiles Grid Gallery for WordPress v3.6.4 free --><style>#ftg-2424 .tile .icon { color:#ffffff; }#ftg-2424 .ftg-items .loading-bar i { background:#666; }#ftg-2424 .ftg-items .loading-bar { background:#fff; }#ftg-2424 .tile .icon { font-size:12px; }#ftg-2424 .tile .icon { margin: -6px 0 0 -6px; }#ftg-2424 .tile .caption-block .text-wrapper span.text { font-size:12px; }#ftg-2424 .tile .caption-outside .text-wrapper span.text { font-size:12px; }#ftg-2424 .tile .caption-block .text-wrapper span.title { font-size:14px; }#ftg-2424 .tile .caption-outside .text-wrapper span.title { font-size:14px; }#ftg-2424 .tile { background-color: transparent; }#ftg-2424 .tile .caption-block .text-wrapper span.text { color: #ffffff; }#ftg-2424 .tile .caption-block .text-wrapper span.title { color: #ffffff; }#ftg-2424 .tile .caption-outside .text-wrapper span.text { color: #ffffff; }#ftg-2424 .tile .caption-outside .text-wrapper span.title { color: #ffffff; }#ftg-2424 .tile .ftg-social a { color: #ffffff; }#ftg-2424 .tile .caption-block { transition-timing-function:linear; }#ftg-2424 .tile .caption-block { transition-duration:0.25s; }#ftg-2424 .tile .tile-inner:before { background-color: #000000; }#ftg-2424 .tile .tile-inner:before { background-color: rgba(0, 0, 0, 0.8); }<\/style><a name=\"24\"><\/a><div class=\"final-tiles-gallery  ftg-hover-enabled caption-inside  caption-none caption-middle caption-center\" id=\"ftg-2424\" style=\"width: 100%\"><div class='ftg-items'><div class='loading-bar'><i><\/i><\/div><div  class='tile ftg-preload  '><a title=\"\" data-lightbox='ftg-2424' rel='ftg-2424'  class=' tile-inner  ftg-lightbox' href='https:\/\/poborski.eu\/wp-content\/uploads\/2025\/04\/palac-w-dobrocinie-1.webp' ><img alt='' class='item skip-lazy' data-class='item' data-ftg-source='http:\/\/poborski.eu\/wp-content\/uploads\/2025\/04\/palac-w-dobrocinie-1.webp' src='http:\/\/poborski.eu\/wp-content\/uploads\/2025\/04\/palac-w-dobrocinie-1.webp' width='900' height='802' \/><span class='icon fa fa-zoom'><\/span><div class='caption-block'><\/div><\/a><div class='ftg-social'><\/div><\/div><div  class='tile ftg-preload  '><a title=\"\" data-lightbox='ftg-2424' rel='ftg-2424'  class=' tile-inner  ftg-lightbox' href='https:\/\/poborski.eu\/wp-content\/uploads\/2025\/04\/palac-w-dobrocinie-5.webp' ><img alt='' class='item skip-lazy' data-class='item' data-ftg-source='http:\/\/poborski.eu\/wp-content\/uploads\/2025\/04\/palac-w-dobrocinie-5.webp' src='http:\/\/poborski.eu\/wp-content\/uploads\/2025\/04\/palac-w-dobrocinie-5.webp' width='840' height='900' \/><span class='icon fa fa-zoom'><\/span><div class='caption-block'><\/div><\/a><div class='ftg-social'><\/div><\/div><div  class='tile ftg-preload  '><a title=\"\" data-lightbox='ftg-2424' rel='ftg-2424'  class=' tile-inner  ftg-lightbox' href='https:\/\/poborski.eu\/wp-content\/uploads\/2025\/04\/palac-w-dobrocinie-6.webp' ><img alt='' class='item skip-lazy' data-class='item' data-ftg-source='http:\/\/poborski.eu\/wp-content\/uploads\/2025\/04\/palac-w-dobrocinie-6.webp' src='http:\/\/poborski.eu\/wp-content\/uploads\/2025\/04\/palac-w-dobrocinie-6.webp' width='900' height='837' \/><span class='icon fa fa-zoom'><\/span><div class='caption-block'><\/div><\/a><div class='ftg-social'><\/div><\/div><div  class='tile ftg-preload  '><a title=\"\" data-lightbox='ftg-2424' rel='ftg-2424'  class=' tile-inner  ftg-lightbox' href='https:\/\/poborski.eu\/wp-content\/uploads\/2025\/04\/palac-w-dobrocinie-7.webp' ><img alt='' class='item skip-lazy' data-class='item' data-ftg-source='http:\/\/poborski.eu\/wp-content\/uploads\/2025\/04\/palac-w-dobrocinie-7.webp' src='http:\/\/poborski.eu\/wp-content\/uploads\/2025\/04\/palac-w-dobrocinie-7.webp' width='900' height='708' \/><span class='icon fa fa-zoom'><\/span><div class='caption-block'><\/div><\/a><div class='ftg-social'><\/div><\/div><div  class='tile ftg-preload  '><a title=\"\" data-lightbox='ftg-2424' rel='ftg-2424'  class=' tile-inner  ftg-lightbox' href='https:\/\/poborski.eu\/wp-content\/uploads\/2025\/04\/palac-w-dobrocinie-8-1.webp' ><img alt='' class='item skip-lazy' data-class='item' data-ftg-source='http:\/\/poborski.eu\/wp-content\/uploads\/2025\/04\/palac-w-dobrocinie-8-1.webp' src='http:\/\/poborski.eu\/wp-content\/uploads\/2025\/04\/palac-w-dobrocinie-8-1.webp' width='900' height='675' \/><span class='icon fa fa-zoom'><\/span><div class='caption-block'><\/div><\/a><div class='ftg-social'><\/div><\/div><div  class='tile ftg-preload  '><a title=\"\" data-lightbox='ftg-2424' rel='ftg-2424'  class=' tile-inner  ftg-lightbox' href='https:\/\/poborski.eu\/wp-content\/uploads\/2025\/04\/palac-w-dobrocinie-9.webp' ><img alt='' class='item skip-lazy' data-class='item' data-ftg-source='http:\/\/poborski.eu\/wp-content\/uploads\/2025\/04\/palac-w-dobrocinie-9.webp' src='http:\/\/poborski.eu\/wp-content\/uploads\/2025\/04\/palac-w-dobrocinie-9.webp' width='900' height='855' \/><span class='icon fa fa-zoom'><\/span><div class='caption-block'><\/div><\/a><div class='ftg-social'><\/div><\/div><div  class='tile ftg-preload  '><a title=\"\" data-lightbox='ftg-2424' rel='ftg-2424'  class=' tile-inner  ftg-lightbox' href='https:\/\/poborski.eu\/wp-content\/uploads\/2025\/04\/palac-w-dobrocinie-10.webp' ><img alt='' class='item skip-lazy' data-class='item' data-ftg-source='http:\/\/poborski.eu\/wp-content\/uploads\/2025\/04\/palac-w-dobrocinie-10.webp' src='http:\/\/poborski.eu\/wp-content\/uploads\/2025\/04\/palac-w-dobrocinie-10.webp' width='675' height='900' \/><span class='icon fa fa-zoom'><\/span><div class='caption-block'><\/div><\/a><div class='ftg-social'><\/div><\/div><div  class='tile ftg-preload  '><a title=\"\" data-lightbox='ftg-2424' rel='ftg-2424'  class=' tile-inner  ftg-lightbox' href='https:\/\/poborski.eu\/wp-content\/uploads\/2025\/04\/palac-w-dobrocinie-12.webp' ><img alt='' class='item skip-lazy' data-class='item' data-ftg-source='http:\/\/poborski.eu\/wp-content\/uploads\/2025\/04\/palac-w-dobrocinie-12.webp' src='http:\/\/poborski.eu\/wp-content\/uploads\/2025\/04\/palac-w-dobrocinie-12.webp' width='856' height='900' \/><span class='icon fa fa-zoom'><\/span><div class='caption-block'><\/div><\/a><div class='ftg-social'><\/div><\/div><div  class='tile ftg-preload  '><a title=\"\" data-lightbox='ftg-2424' rel='ftg-2424'  class=' tile-inner  ftg-lightbox' href='https:\/\/poborski.eu\/wp-content\/uploads\/2025\/04\/palac-w-dobrocinie-13.webp' ><img alt='' class='item skip-lazy' data-class='item' data-ftg-source='http:\/\/poborski.eu\/wp-content\/uploads\/2025\/04\/palac-w-dobrocinie-13.webp' src='http:\/\/poborski.eu\/wp-content\/uploads\/2025\/04\/palac-w-dobrocinie-13.webp' width='900' height='700' \/><span class='icon fa fa-zoom'><\/span><div class='caption-block'><\/div><\/a><div class='ftg-social'><\/div><\/div><div  class='tile ftg-preload  '><a title=\"\" data-lightbox='ftg-2424' rel='ftg-2424'  class=' tile-inner  ftg-lightbox' href='https:\/\/poborski.eu\/wp-content\/uploads\/2025\/04\/palac-w-dobrocinie-14.jpg' ><img alt='' class='item skip-lazy' data-class='item' data-ftg-source='http:\/\/poborski.eu\/wp-content\/uploads\/2025\/04\/palac-w-dobrocinie-14.jpg' src='http:\/\/poborski.eu\/wp-content\/uploads\/2025\/04\/palac-w-dobrocinie-14.jpg' width='900' height='711' \/><span class='icon fa fa-zoom'><\/span><div class='caption-block'><\/div><\/a><div class='ftg-social'><\/div><\/div><div  class='tile ftg-preload  '><a title=\"\" data-lightbox='ftg-2424' rel='ftg-2424'  class=' tile-inner  ftg-lightbox' href='https:\/\/poborski.eu\/wp-content\/uploads\/2025\/04\/palac-w-dobrocinie-15.webp' ><img alt='' class='item skip-lazy' data-class='item' data-ftg-source='http:\/\/poborski.eu\/wp-content\/uploads\/2025\/04\/palac-w-dobrocinie-15.webp' src='http:\/\/poborski.eu\/wp-content\/uploads\/2025\/04\/palac-w-dobrocinie-15.webp' width='900' height='680' \/><span class='icon fa fa-zoom'><\/span><div class='caption-block'><\/div><\/a><div class='ftg-social'><\/div><\/div><div  class='tile ftg-preload  '><a title=\"\" data-lightbox='ftg-2424' rel='ftg-2424'  class=' tile-inner  ftg-lightbox' href='https:\/\/poborski.eu\/wp-content\/uploads\/2025\/04\/palac-w-dobrocinie-16.webp' ><img alt='' class='item skip-lazy' data-class='item' data-ftg-source='http:\/\/poborski.eu\/wp-content\/uploads\/2025\/04\/palac-w-dobrocinie-16.webp' src='http:\/\/poborski.eu\/wp-content\/uploads\/2025\/04\/palac-w-dobrocinie-16.webp' width='675' height='900' \/><span class='icon fa fa-zoom'><\/span><div class='caption-block'><\/div><\/a><div class='ftg-social'><\/div><\/div><div  class='tile ftg-preload  '><a title=\"\" data-lightbox='ftg-2424' rel='ftg-2424'  class=' tile-inner  ftg-lightbox' href='https:\/\/poborski.eu\/wp-content\/uploads\/2025\/04\/palac-w-dobrocinie-17.webp' ><img alt='' class='item skip-lazy' data-class='item' data-ftg-source='http:\/\/poborski.eu\/wp-content\/uploads\/2025\/04\/palac-w-dobrocinie-17.webp' src='http:\/\/poborski.eu\/wp-content\/uploads\/2025\/04\/palac-w-dobrocinie-17.webp' width='900' height='665' \/><span class='icon fa fa-zoom'><\/span><div class='caption-block'><\/div><\/a><div class='ftg-social'><\/div><\/div><\/div><\/div>\n\n\n\n<p><sup>zdj\u0119cia:&nbsp;<em>D.Poborski<\/em><\/sup><\/p>\n\n\n\n<p><\/p>\n","protected":false},"excerpt":{"rendered":"<p>[niem. G\u00fcttmannsdorf] Pa\u0142ac po\u0142o\u017cony jest w Dobrocinie \u2013 wsi w Polsce, w wojew\u00f3dztwie dolno\u015bl\u0105skim, w powiecie dzier\u017coniowskim, w gminie Dzier\u017coni\u00f3w, na skraju Kotliny Dzier\u017coniowskiej, u podn\u00f3\u017cy Wzg\u00f3rz Gumi\u0144skich. Pa\u0142ac zosta\u0142 wzniesiony pod koniec XVIII wieku, przebudowany w latach 1898-1899 i w 1909 roku. Obecnie w\u0142asno\u015b\u0107 prywatna, jednak pa\u0142ac nie jest u\u017cytkowany. Pierwsza wzmianka na temat [&hellip;]<\/p>\n","protected":false},"author":2,"featured_media":1383,"comment_status":"open","ping_status":"open","sticky":false,"template":"","format":"standard","meta":{"footnotes":""},"categories":[6],"tags":[88,261,470,481,624],"class_list":["post-1377","post","type-post","status-publish","format-standard","has-post-thumbnail","hentry","category-zamki-i-palace","tag-dobrocin","tag-moriz-eichborn","tag-von-milecky","tag-von-portatius","tag-von-seherr-thoss-2"],"_links":{"self":[{"href":"https:\/\/poborski.eu\/index.php?rest_route=\/wp\/v2\/posts\/1377","targetHints":{"allow":["GET"]}}],"collection":[{"href":"https:\/\/poborski.eu\/index.php?rest_route=\/wp\/v2\/posts"}],"about":[{"href":"https:\/\/poborski.eu\/index.php?rest_route=\/wp\/v2\/types\/post"}],"author":[{"embeddable":true,"href":"https:\/\/poborski.eu\/index.php?rest_route=\/wp\/v2\/users\/2"}],"replies":[{"embeddable":true,"href":"https:\/\/poborski.eu\/index.php?rest_route=%2Fwp%2Fv2%2Fcomments&post=1377"}],"version-history":[{"count":8,"href":"https:\/\/poborski.eu\/index.php?rest_route=\/wp\/v2\/posts\/1377\/revisions"}],"predecessor-version":[{"id":1681,"href":"https:\/\/poborski.eu\/index.php?rest_route=\/wp\/v2\/posts\/1377\/revisions\/1681"}],"wp:featuredmedia":[{"embeddable":true,"href":"https:\/\/poborski.eu\/index.php?rest_route=\/wp\/v2\/media\/1383"}],"wp:attachment":[{"href":"https:\/\/poborski.eu\/index.php?rest_route=%2Fwp%2Fv2%2Fmedia&parent=1377"}],"wp:term":[{"taxonomy":"category","embeddable":true,"href":"https:\/\/poborski.eu\/index.php?rest_route=%2Fwp%2Fv2%2Fcategories&post=1377"},{"taxonomy":"post_tag","embeddable":true,"href":"https:\/\/poborski.eu\/index.php?rest_route=%2Fwp%2Fv2%2Ftags&post=1377"}],"curies":[{"name":"wp","href":"https:\/\/api.w.org\/{rel}","templated":true}]}}