{"id":1930,"date":"2025-11-11T08:53:08","date_gmt":"2025-11-11T08:53:08","guid":{"rendered":"https:\/\/poborski.eu\/?p=1930"},"modified":"2025-12-21T16:49:45","modified_gmt":"2025-12-21T16:49:45","slug":"szlak-glubczyckich-ruin-koscielnych-polecam","status":"publish","type":"post","link":"https:\/\/poborski.eu\/?p=1930","title":{"rendered":"Szlak g\u0142ubczyckich ruin ko\u015bcielnych &#8211; polecam"},"content":{"rendered":"\n<p><\/p>\n\n\n\n<figure class=\"wp-block-image size-full\"><img fetchpriority=\"high\" decoding=\"async\" width=\"725\" height=\"1024\" src=\"https:\/\/poborski.eu\/wp-content\/uploads\/2025\/11\/Szlak-glubczyckich-ruin-koscielnych-725x1024-1.jpg\" alt=\"\" class=\"wp-image-1931\" srcset=\"https:\/\/poborski.eu\/wp-content\/uploads\/2025\/11\/Szlak-glubczyckich-ruin-koscielnych-725x1024-1.jpg 725w, https:\/\/poborski.eu\/wp-content\/uploads\/2025\/11\/Szlak-glubczyckich-ruin-koscielnych-725x1024-1-212x300.jpg 212w\" sizes=\"(max-width: 725px) 100vw, 725px\" \/><\/figure>\n\n\n\n<p>s\u0142owami samego autora:<\/p>\n\n\n\n<p><em>&#8222;Po 17 filmach o Raciborzu i z premier\u0105 w Raciborzu, trafi\u0142 mi si\u0119 Kietrz. Jeszcze dwa lata temu bym nie uwierzy\u0142. Ani w to, \u017ce zrobi\u0119 tam premier\u0119, ani tym bardziej w to, \u017ce b\u0119dzie ku temu solidny historyczny pow\u00f3d. Ale w ci\u0105gu ostatnich dw\u00f3ch lat sporo si\u0119 wydarzy\u0142o w sferze poznawczej. Na styku odkrywania miejsc, przez kt\u00f3re przep\u0142ywa rzeka Psina, oraz dociekania dlaczego Ulitzka w Baborowie nie ma \u017cadnego upami\u0119tnienia (a przecie\u017c si\u0119 tam urodzi\u0142), zrodzi\u0142y si\u0119 peregrynacje na ziemi\u0119 g\u0142ubczyck\u0105. Po drodze wpad\u0142y denkmale, Olga Tokarczuk, pusty rynek w Kietrzu, poniemieckie lapidaria, luteranie ze \u015aciborzyc i wreszcie odkrycie przekute w film dokumentalny &#8222;Szlak g\u0142ubczyckich ruin ko\u015bcielnych&#8221;. Do tej pory nie wiem, czy kto\u015b wcze\u015bniej wpad\u0142 na ten sam pomys\u0142. Zreszt\u0105 niewa\u017cne. Grunt, \u017ce nikt mi go nie podpowiedzia\u0142. Mog\u0119 uzna\u0107, \u017ce to pomys\u0142 autorski, a takie daj\u0105 najwi\u0119cej satysfakcji&#8221;.<\/em><\/p>\n\n\n\n<p>A od siebie &#8211; z pasj\u0105, pi\u0119knie opowiedzian\u0105 histori\u0105 i dobrymi zdj\u0119ciami &#8211; serdecznie polecam.<\/p>\n\n\n\n<figure class=\"wp-block-image size-large\"><img decoding=\"async\" width=\"1024\" height=\"576\" src=\"https:\/\/poborski.eu\/wp-content\/uploads\/2025\/11\/577892935_10226730966415282_1849614116796963410_n-1024x576.jpg\" alt=\"\" class=\"wp-image-1932\" srcset=\"https:\/\/poborski.eu\/wp-content\/uploads\/2025\/11\/577892935_10226730966415282_1849614116796963410_n-1024x576.jpg 1024w, https:\/\/poborski.eu\/wp-content\/uploads\/2025\/11\/577892935_10226730966415282_1849614116796963410_n-300x169.jpg 300w, https:\/\/poborski.eu\/wp-content\/uploads\/2025\/11\/577892935_10226730966415282_1849614116796963410_n-768x432.jpg 768w, https:\/\/poborski.eu\/wp-content\/uploads\/2025\/11\/577892935_10226730966415282_1849614116796963410_n-1536x864.jpg 1536w, https:\/\/poborski.eu\/wp-content\/uploads\/2025\/11\/577892935_10226730966415282_1849614116796963410_n.jpg 2048w\" sizes=\"(max-width: 1024px) 100vw, 1024px\" \/><\/figure>\n\n\n\n<p><em>zdj\u0119cie z premierowego pokazu (D.Poborski)<\/em><\/p>\n\n\n\n<p><\/p>\n\n\n\n<p><a href=\"https:\/\/nto.pl\/o-slasku-z-drugiej-strony-lustra-jest-nowy-film-dokumentalny\/ar\/c1p2-28163331?fbclid=IwY2xjawOBv_FleHRuA2FlbQIxMQBzcnRjBmFwcF9pZBAyMjIwMzkxNzg4MjAwODkyAAEe8yUlyTxdwrDPDAVb3Zdi1p5njoimGwuISBvbO5HQUe-sjjOtIhvNt7ryClw_aem_aE42t_ApsnGSlrmYKaH9EA\">https:\/\/nto.pl\/o-slasku-z-drugiej-strony-lustra-jest-nowy-film-dokumentalny\/ar\/c1p2-28163331?fbclid=IwY2xjawOBv_FleHRuA2FlbQIxMQBzcnRjBmFwcF9pZBAyMjIwMzkxNzg4MjAwODkyAAEe8yUlyTxdwrDPDAVb3Zdi1p5njoimGwuISBvbO5HQUe-sjjOtIhvNt7ryClw_aem_aE42t_ApsnGSlrmYKaH9EA<\/a><\/p>\n\n\n\n<p><\/p>\n","protected":false},"excerpt":{"rendered":"<p>s\u0142owami samego autora: &#8222;Po 17 filmach o Raciborzu i z premier\u0105 w Raciborzu, trafi\u0142 mi si\u0119 Kietrz. Jeszcze dwa lata temu bym nie uwierzy\u0142. Ani w to, \u017ce zrobi\u0119 tam premier\u0119, ani tym bardziej w to, \u017ce b\u0119dzie ku temu solidny historyczny pow\u00f3d. Ale w ci\u0105gu ostatnich dw\u00f3ch lat sporo si\u0119 wydarzy\u0142o w sferze poznawczej. [&hellip;]<\/p>\n","protected":false},"author":2,"featured_media":0,"comment_status":"open","ping_status":"open","sticky":false,"template":"","format":"standard","meta":{"footnotes":""},"categories":[654],"tags":[653,648],"class_list":["post-1930","post","type-post","status-publish","format-standard","hentry","category-godne-polecenia","tag-kietrz-filmdokumentalny-premiera-adrianszczypinski-szlakruinykoscielne-ziemiaglubczycka","tag-zapomniane"],"_links":{"self":[{"href":"https:\/\/poborski.eu\/index.php?rest_route=\/wp\/v2\/posts\/1930","targetHints":{"allow":["GET"]}}],"collection":[{"href":"https:\/\/poborski.eu\/index.php?rest_route=\/wp\/v2\/posts"}],"about":[{"href":"https:\/\/poborski.eu\/index.php?rest_route=\/wp\/v2\/types\/post"}],"author":[{"embeddable":true,"href":"https:\/\/poborski.eu\/index.php?rest_route=\/wp\/v2\/users\/2"}],"replies":[{"embeddable":true,"href":"https:\/\/poborski.eu\/index.php?rest_route=%2Fwp%2Fv2%2Fcomments&post=1930"}],"version-history":[{"count":4,"href":"https:\/\/poborski.eu\/index.php?rest_route=\/wp\/v2\/posts\/1930\/revisions"}],"predecessor-version":[{"id":2170,"href":"https:\/\/poborski.eu\/index.php?rest_route=\/wp\/v2\/posts\/1930\/revisions\/2170"}],"wp:attachment":[{"href":"https:\/\/poborski.eu\/index.php?rest_route=%2Fwp%2Fv2%2Fmedia&parent=1930"}],"wp:term":[{"taxonomy":"category","embeddable":true,"href":"https:\/\/poborski.eu\/index.php?rest_route=%2Fwp%2Fv2%2Fcategories&post=1930"},{"taxonomy":"post_tag","embeddable":true,"href":"https:\/\/poborski.eu\/index.php?rest_route=%2Fwp%2Fv2%2Ftags&post=1930"}],"curies":[{"name":"wp","href":"https:\/\/api.w.org\/{rel}","templated":true}]}}